{"id":10957,"date":"2024-01-04T08:08:00","date_gmt":"2024-01-04T11:08:00","guid":{"rendered":"https:\/\/webmaissistemas.com.br\/blog\/?p=10957"},"modified":"2024-01-05T09:31:13","modified_gmt":"2024-01-05T12:31:13","slug":"pro-rata","status":"publish","type":"post","link":"https:\/\/webmaissistemas.com.br\/blog\/pro-rata\/","title":{"rendered":"Entenda O Que \u00c9 Pro Rata E Aprenda A Fazer O C\u00e1lculo"},"content":{"rendered":"\n<p>Voc\u00ea j\u00e1 ouviu falar em <strong>pro rata<\/strong>? Ele \u00e9 um c\u00e1lculo feito para determinar valores de pagamentos quando eles devem acontecer proporcionalmente a um determinado per\u00edodo.<\/p>\n\n\n\n<p>Atualmente, o <strong>pro rata<\/strong> \u00e9 um c\u00e1lculo muito utilizado nas empresas, seja em quest\u00f5es financeiras, em assuntos trabalhistas e at\u00e9 mesmo no pagamento de contas de consumo.<\/p>\n\n\n\n<p>Quer saber mais sobre esse c\u00e1lculo e entender quando ele pode ser aplicado? Ent\u00e3o \u00e9 s\u00f3 continuar lendo este conte\u00fado que preparamos para voc\u00ea!<\/p>\n\n\n\n<p>N\u00e3o perca a chance de otimizar seus processos e elevar sua empresa a um novo patamar. <a href=\"https:\/\/lp.webmaissistemas.com.br\/demonstracao?utm_source=blog&amp;utm_medium=organic&amp;utm_campaign=r1-pro-rata\" target=\"_blank\" rel=\"noreferrer noopener\"><strong>Agende uma demonstra\u00e7\u00e3o gratuita do ERP WebMais<\/strong><\/a>!<\/p>\n\n\n\n<figure class=\"wp-block-image size-full is-resized imagem-desktop\"><a href=\"https:\/\/webmaissistemas.com.br\/?utm_source=blog%20&amp;utm_medium=organic&amp;utm_campaign=banner%20padr%C3%A3o\" target=\"_blank\" rel=\"noreferrer noopener\"><img decoding=\"async\" width=\"728\" height=\"200\" src=\"https:\/\/webmaissistemas.com.br\/blog\/app\/uploads\/2024\/12\/banner-blog-gestao-webmais-desktop.webp\" alt=\"Banner Gest\u00e3o Webmais\" class=\"wp-image-21289\" style=\"width:841px;height:auto\" title=\"Estoque, compras, financeiro com o ERP WebMais\" srcset=\"https:\/\/webmaissistemas.com.br\/blog\/app\/uploads\/2024\/12\/banner-blog-gestao-webmais-desktop.webp 728w, https:\/\/webmaissistemas.com.br\/blog\/app\/uploads\/2024\/12\/banner-blog-gestao-webmais-desktop-350x96.webp 350w\" sizes=\"(max-width: 728px) 100vw, 728px\" \/><\/a><\/figure>\n\n\n\n<figure class=\"wp-block-image size-full is-resized imagem-mobile\"><a href=\"https:\/\/webmaissistemas.com.br\/?utm_source=blog%20&amp;utm_medium=organic&amp;utm_campaign=banner%20padr%C3%A3o\" target=\"_blank\" rel=\"noreferrer noopener\"><img decoding=\"async\" width=\"540\" height=\"540\" src=\"https:\/\/webmaissistemas.com.br\/blog\/app\/uploads\/2024\/12\/banner-blog-gestao-webmais-responsivo.webp\" alt=\"Banner Gest\u00e3o Webmais\" class=\"wp-image-21290\" style=\"width:841px;height:auto\" title=\"Estoque, compras, financeiro com o ERP WebMais\" srcset=\"https:\/\/webmaissistemas.com.br\/blog\/app\/uploads\/2024\/12\/banner-blog-gestao-webmais-responsivo.webp 540w, https:\/\/webmaissistemas.com.br\/blog\/app\/uploads\/2024\/12\/banner-blog-gestao-webmais-responsivo-500x500.webp 500w, https:\/\/webmaissistemas.com.br\/blog\/app\/uploads\/2024\/12\/banner-blog-gestao-webmais-responsivo-350x350.webp 350w\" sizes=\"(max-width: 540px) 100vw, 540px\" \/><\/a><\/figure>\n\n\n\n<h2 id='o-que-e-pro-rata'>O Que \u00c9 Pro Rata?<\/h2>\n\n\n\n<p><strong>Pro rata<\/strong> \u00e9 o c\u00e1lculo proporcional sobre algum pagamento. Ele divide o valor em partes menores e cada uma delas \u00e9 multiplicada pelo tempo de uso.<\/p>\n\n\n\n<p>Quer um exemplo para entender melhor? Esse tipo de c\u00e1lculo \u00e9 muito utilizado quando voc\u00ea faz assinatura de um plano mensal e come\u00e7a a us\u00e1-lo na metade do m\u00eas.<\/p>\n\n\n\n<p>Nesse primeiro m\u00eas de uso, naturalmente, voc\u00ea vai pagar s\u00f3 metade do valor. O <strong>pro rata<\/strong> \u00e9 o c\u00e1lculo feito para determinar o valor devido, que deve ser proporcional ao per\u00edodo em que utilizou o servi\u00e7o.<\/p>\n\n\n\n<p>O termo <strong>pro rata <\/strong>vem do latim e significa \u201cmedir ou racionar proporcionalmente\u201d.<\/p>\n\n\n\n<h2 id='importancia-do-pro-rata'>Import\u00e2ncia Do Pro Rata<\/h2>\n\n\n\n<p>No contexto financeiro, o <strong>pro rata<\/strong> \u00e9 utilizado para distribuir custos, benef\u00edcios ou obriga\u00e7\u00f5es de forma proporcional com base em alguma medida relevante.<\/p>\n\n\n\n<p>Dessa forma, \u00e9 poss\u00edvel garantir uma divis\u00e3o justa e equitativa em situa\u00e7\u00f5es onde diferentes partes t\u00eam contribui\u00e7\u00f5es ou responsabilidades vari\u00e1veis.<\/p>\n\n\n\n<p>Por exemplo, no contexto de seguros, o <strong>pro rata<\/strong> \u00e9 usado para calcular pr\u00eamios de seguro com base no tempo que uma cobertura espec\u00edfica foi ativada.<\/p>\n\n\n\n<p>Se voc\u00ea cancelar um seguro antes do t\u00e9rmino do per\u00edodo coberto, voc\u00ea pode receber um reembolso <strong>pro rata<\/strong>, refletindo a parte n\u00e3o utilizada do seguro.<\/p>\n\n\n\n<p>Em resumo, isso \u00e9 uma maneira de garantir que as partes envolvidas contribuam ou recebam benef\u00edcios de maneira proporcional.<\/p>\n\n\n\n<h2 id='quais-sao-os-tipos-de-pro-rata'>Quais S\u00e3o Os Tipos De Pro Rata?<\/h2>\n\n\n\n<p>Atualmente, existem dois tipos de <strong>pro rata<\/strong>: o pro rata temporis e o pro rata die.<\/p>\n\n\n\n<h3 class=\"wp-block-heading\">Pro Rata Temporis<\/h3>\n\n\n\n<p><strong>Pro rata <\/strong>temporis, express\u00e3o em latim que significa &#8220;proporcional ao tempo&#8221;, \u00e9 aplicado em v\u00e1rias \u00e1reas para indicar medi\u00e7\u00f5es proporcionais a um per\u00edodo espec\u00edfico.<\/p>\n\n\n\n<p>Em pagamentos de sal\u00e1rios, por exemplo, significa calcular proporcionalmente aos dias trabalhados quando um funcion\u00e1rio inicia ou encerra suas atividades no meio do per\u00edodo de pagamento.<\/p>\n\n\n\n<p>Esse conceito tamb\u00e9m \u00e9 usado em aluguel, mensalidades escolares e benef\u00edcios, ajustando valores de acordo com o tempo em que o servi\u00e7o foi utilizado.<\/p>\n\n\n\n<figure class=\"wp-block-image size-full\"><img decoding=\"async\" width=\"728\" height=\"455\" src=\"https:\/\/webmaissistemas.com.br\/blog\/app\/uploads\/2022\/10\/Tipos-de-pro-rata.webp\" alt=\"tipos de pro rata\" class=\"wp-image-10959\" title=\"Tipos de pro rata\" srcset=\"https:\/\/webmaissistemas.com.br\/blog\/app\/uploads\/2022\/10\/Tipos-de-pro-rata.webp 728w, https:\/\/webmaissistemas.com.br\/blog\/app\/uploads\/2022\/10\/Tipos-de-pro-rata-350x219.webp 350w, https:\/\/webmaissistemas.com.br\/blog\/app\/uploads\/2022\/10\/Tipos-de-pro-rata-150x94.webp 150w\" sizes=\"(max-width: 728px) 100vw, 728px\" \/><\/figure>\n\n\n\n<p>Essa pr\u00e1tica busca garantir uma distribui\u00e7\u00e3o justa de custos e benef\u00edcios, destacando a import\u00e2ncia de considerar a temporalidade em transa\u00e7\u00f5es e acordos diversos.<\/p>\n\n\n\n<h4 class=\"wp-block-heading\">Como Calcular O Pro Rata Temporis?<\/h4>\n\n\n\n<p>O c\u00e1lculo do<strong> Pro Rata Temporis<\/strong> \u00e9 bastante simples. O <strong>Pro Rata Temporis<\/strong> \u00e9 como uma equa\u00e7\u00e3o matem\u00e1tica que equilibra as contas de acordo com o tempo real que voc\u00ea usufruiu de um servi\u00e7o.<\/p>\n\n\n\n<p>Imagine que voc\u00ea assinou um servi\u00e7o mensal, mas decidiu cancel\u00e1-lo ap\u00f3s apenas 15 dias.<\/p>\n\n\n\n<p>Ent\u00e3o, o c\u00e1lculo do <strong>Pro Rata Temporis<\/strong> entra em cena para garantir que voc\u00ea pague apenas pela metade do m\u00eas.<\/p>\n\n\n\n<p>A f\u00f3rmula \u00e9 o seu passaporte para uma divis\u00e3o justa. Pegue o valor total da assinatura, divida pelo n\u00famero de dias no m\u00eas e, em seguida, multiplique pelo n\u00famero de dias que voc\u00ea realmente fez uso do servi\u00e7o.<\/p>\n\n\n\n<p>Simples, n\u00e3o \u00e9? \u00c9 como pagar apenas pelo tempo que voc\u00ea teve o benef\u00edcio real, evitando cobran\u00e7as injustas.<\/p>\n\n\n\n<p>Assim, se voc\u00ea estiver pensando em fazer as malas e sair no meio do caminho, lembre-se do <strong>Pro Rata Temporis <\/strong>para garantir que sua carteira saia ilesa dessa aventura.<\/p>\n\n\n\n<h3 class=\"wp-block-heading\">Pro Rata Die<\/h3>\n\n\n\n<p>J\u00e1 o termo &#8220;<strong>pro rata die<\/strong>&#8221; vem do latim e significa &#8220;proporcional ao dia&#8221;. Esse m\u00e9todo \u00e9 comum em situa\u00e7\u00f5es que exigem uma distribui\u00e7\u00e3o proporcional com base em um \u00fanico dia, especialmente no contexto financeiro.<\/p>\n\n\n\n<p>Ele \u00e9 utilizado em contratos, gerenciamento de <a href=\"https:\/\/webmaissistemas.com.br\/blog\/fluxo-caixa\/\" target=\"_blank\" rel=\"noreferrer noopener\"><strong>fluxo de caixa<\/strong><\/a> e c\u00e1lculos de juros di\u00e1rios. Ao aplicar o <strong>pro rata die<\/strong>, os valores s\u00e3o distribu\u00eddos de maneira justa, proporcional aos dias decorridos.<\/p>\n\n\n\n<p>Isso \u00e9 \u00fatil em contratos onde as obriga\u00e7\u00f5es ou benef\u00edcios s\u00e3o proporcionais ao tempo. No caso de pagamentos mensais, como aluguel, o <strong>pro rata die<\/strong> determina a quantia proporcional para um dia espec\u00edfico.<\/p>\n\n\n\n<p>Al\u00e9m disso, \u00e9 uma ferramenta valiosa para calcular juros di\u00e1rios de forma precisa em transa\u00e7\u00f5es financeiras. Assim, garante uma abordagem justa para lidar com valores que variam ao longo do tempo.<\/p>\n\n\n\n<h4 class=\"wp-block-heading\">Como Calcular O Pro Rata Die?<\/h4>\n\n\n\n<p>O <strong>Pro Rata Die<\/strong> \u00e9 uma f\u00f3rmula eficaz para calcular valores proporcionais com base no tempo utilizado.<\/p>\n\n\n\n<p>Mas, ao calcular o <strong>Pro Rata Die<\/strong>, primeiro, voc\u00ea precisa identificar o valor total a ser distribu\u00eddo proporcionalmente.<\/p>\n\n\n\n<p>Isso pode ser qualquer coisa, desde despesas compartilhadas at\u00e9 benef\u00edcios anuais. Em seguida, voc\u00ea divide esse valor pelo n\u00famero total de dias no ano para obter a taxa di\u00e1ria.<\/p>\n\n\n\n<p>A segunda etapa \u00e9 multiplicar essa taxa pelo n\u00famero de dias que voc\u00ea efetivamente utilizou o servi\u00e7o.<\/p>\n\n\n\n<p>Essa abordagem \u00e9 especialmente \u00fatil em situa\u00e7\u00f5es em que voc\u00ea precisa <a href=\"https:\/\/webmaissistemas.com.br\/blog\/churn\/\" target=\"_blank\" rel=\"noreferrer noopener\"><strong>calcular<\/strong><\/a> valores proporcionais com base na utiliza\u00e7\u00e3o ao longo do tempo.<\/p>\n\n\n\n<p>Isso porque o <strong>Pro Rata Die<\/strong> oferece uma precis\u00e3o espec\u00edfica, levando em considera\u00e7\u00e3o os dias exatos de uso. Dessa forma, \u00e9 uma ferramenta valiosa em diversas \u00e1reas, como contabilidade, seguros e contratos.<\/p>\n\n\n\n<h2 id='quais-sao-casos-em-que-o-pro-rata-e-aplicado'>Quais S\u00e3o Casos Em Que O Pro Rata \u00c9 Aplicado?<\/h2>\n\n\n\n<p>Agora que voc\u00ea j\u00e1 sabe o que \u00e9 <strong>pro rata<\/strong>, que tal conhecer algumas das suas principais aplica\u00e7\u00f5es?<\/p>\n\n\n\n<h3 class=\"wp-block-heading\">\u00c1rea Trabalhista<\/h3>\n\n\n\n<p>Dentro de uma empresa, o <strong>pro rata <\/strong>\u00e9 muito utilizado em assuntos trabalhistas.<\/p>\n\n\n\n<figure class=\"wp-block-image size-full\"><img decoding=\"async\" width=\"728\" height=\"420\" src=\"https:\/\/webmaissistemas.com.br\/blog\/app\/uploads\/2022\/10\/exemplos-de-casos-nos-quais-o-pro-rata-e-aplicado.webp\" alt=\"Exemplos de casos nos quais o pro rata \u00e9 aplicado\n\n\u00c1rea trabalhista: Pagamento proporcional de sal\u00e1rios\nSetor financeiro: C\u00e1lculo de juros e dividendos\nAssinaturas e cobran\u00e7a de servi\u00e7os: Determinar o valor dos pagamentos n\u00e3o usados\" class=\"wp-image-17864\" title=\"Exemplos de casos nos quais o pro rata \u00e9 aplicado\" srcset=\"https:\/\/webmaissistemas.com.br\/blog\/app\/uploads\/2022\/10\/exemplos-de-casos-nos-quais-o-pro-rata-e-aplicado.webp 728w, https:\/\/webmaissistemas.com.br\/blog\/app\/uploads\/2022\/10\/exemplos-de-casos-nos-quais-o-pro-rata-e-aplicado-350x202.webp 350w, https:\/\/webmaissistemas.com.br\/blog\/app\/uploads\/2022\/10\/exemplos-de-casos-nos-quais-o-pro-rata-e-aplicado-150x87.webp 150w\" sizes=\"(max-width: 728px) 100vw, 728px\" \/><\/figure>\n\n\n\n<p>Um exemplo muito comum \u00e9 o pagamento proporcional de sal\u00e1rios. Ele acontece quando novos funcion\u00e1rios chegam ap\u00f3s o in\u00edcio de um m\u00eas ou at\u00e9 mesmo em situa\u00e7\u00f5es de rescis\u00e3o de contratos.<\/p>\n\n\n\n<p>Assim como acontece no exemplo que demos, o funcion\u00e1rio que chega ou sai da empresa deve receber a remunera\u00e7\u00e3o proporcional aos dias do m\u00eas trabalhados.<\/p>\n\n\n\n<p>Isso porque assim como o funcion\u00e1rio que deixa a empresa recebe, al\u00e9m do sal\u00e1rio, o pagamento de suas f\u00e9rias proporcionalmente aos meses do ano trabalhados.<\/p>\n\n\n\n<h3 class=\"wp-block-heading\">Setor Financeiro<\/h3>\n\n\n\n<p>No financeiro da empresa, o <strong>pro rata<\/strong> tem uma aplica\u00e7\u00e3o um pouco diferente, por\u00e9m seguindo a mesma l\u00f3gica.<\/p>\n\n\n\n<p>Nesse caso, o <strong>pro rata<\/strong> \u00e9 usado para calcular juros e dividendos. No caso dos juros, ele \u00e9 utilizado na cobran\u00e7a dos chamados juros de mora, quando \u00e9 preciso considerar os juros por atraso em pagamentos.<\/p>\n\n\n\n<p>Isso \u00e9 muito comum quando, al\u00e9m de uma multa fixa pelo atraso do pagamento, o cliente ainda precisa pagar um determinado valor de juros proporcional aos dias de atraso.<\/p>\n\n\n\n<p>Por outro lado, nos dividendos, o c\u00e1lculo \u00e9 realizado quando valores precisam ser distribu\u00eddos entre os seus s\u00f3cios, proporcionalmente \u00e0s cotas que possuem na sociedade.<\/p>\n\n\n\n<h3 class=\"wp-block-heading\">Assinaturas E Cobran\u00e7a De Servi\u00e7os<\/h3>\n\n\n\n<p>Na assinatura de servi\u00e7os, como j\u00e1 falamos aqui, o <strong>pro rata <\/strong>\u00e9 utilizado para determinar o valor dos <a href=\"https:\/\/webmaissistemas.com.br\/blog\/contas-a-pagar\/\" target=\"_blank\" rel=\"noreferrer noopener\"><strong>pagamentos<\/strong><\/a> quando o servi\u00e7o n\u00e3o \u00e9 usado durante todo o m\u00eas, no caso de uma assinatura mensal, ou durante todo o ano, no caso de uma assinatura anual.<\/p>\n\n\n\n<p>Ent\u00e3o vamos ver um exemplo pr\u00e1tico em assinaturas:<\/p>\n\n\n\n<p>Imagine que voc\u00ea assina um servi\u00e7o mensal no meio do m\u00eas. Assim, o <strong>pro rata<\/strong> garantir\u00e1 que o valor cobrado seja justo, considerando apenas a metade do per\u00edodo de uso.<\/p>\n\n\n\n<p>Dessa forma, ele evita que os usu\u00e1rios paguem por servi\u00e7os n\u00e3o utilizados.<\/p>\n\n\n\n<h2 id='entao-quando-devo-usar-o-pro-rata'>Ent\u00e3o, Quando Devo Usar O Pro Rata?<\/h2>\n\n\n\n<p>O <strong>pro rata<\/strong> \u00e9 uma ferramenta flex\u00edvel e aplic\u00e1vel em diversas situa\u00e7\u00f5es. Mas, \u00e9 preciso aten\u00e7\u00e3o. Aqui est\u00e3o algumas orienta\u00e7\u00f5es sobre quando \u00e9 apropriado utilizar esse m\u00e9todo de c\u00e1lculo.<\/p>\n\n\n\n<p><strong>Cancelamento Antecipado de Servi\u00e7os Contratados<\/strong><\/p>\n\n\n\n<p>Primeiramente, no caso de cancelamento antecipado de servi\u00e7os contratados, o <strong>pro rata<\/strong> \u00e9 uma abordagem justa para determinar os reembolsos ou custos proporcionais ao tempo de utiliza\u00e7\u00e3o efetiva.<\/p>\n\n\n\n<p>Assim fica mais f\u00e1cil evitar disputas desnecess\u00e1rias e a garantir que ambas as partes sejam tratadas equitativamente.<\/p>\n\n\n\n<p><strong>Aluguel de Propriedades:<\/strong><\/p>\n\n\n\n<p>No setor imobili\u00e1rio, o <strong>pro rata<\/strong> \u00e9 frequentemente utilizado ao calcular o aluguel proporcional para per\u00edodos que n\u00e3o coincidem com o ciclo mensal tradicional.<\/p>\n\n\n\n<p>Isso \u00e9 especialmente \u00fatil quando inquilinos entram ou saem no meio do m\u00eas, garantindo que o valor do aluguel seja justo para ambas as partes.<\/p>\n\n\n\n<p><strong>Assinaturas e Planos de Servi\u00e7o Mensais:<\/strong><\/p>\n\n\n\n<p>Para servi\u00e7os de assinatura ou planos mensais, o <strong>pro rata<\/strong> \u00e9 uma ferramenta valiosa ao lidar com mudan\u00e7as no plano durante o ciclo de faturamento.<\/p>\n\n\n\n<figure class=\"wp-block-image size-full\"><img decoding=\"async\" width=\"728\" height=\"420\" src=\"https:\/\/webmaissistemas.com.br\/blog\/app\/uploads\/2022\/10\/quando-devo-usar-o-pro-rata.webp\" alt=\"Quando devo usar o pro rata?\" class=\"wp-image-17867\" title=\"Quando devo usar o pro rata?\" srcset=\"https:\/\/webmaissistemas.com.br\/blog\/app\/uploads\/2022\/10\/quando-devo-usar-o-pro-rata.webp 728w, https:\/\/webmaissistemas.com.br\/blog\/app\/uploads\/2022\/10\/quando-devo-usar-o-pro-rata-350x202.webp 350w, https:\/\/webmaissistemas.com.br\/blog\/app\/uploads\/2022\/10\/quando-devo-usar-o-pro-rata-150x87.webp 150w\" sizes=\"(max-width: 728px) 100vw, 728px\" \/><\/figure>\n\n\n\n<p>Se um cliente faz upgrade ou downgrade no meio do m\u00eas, o <strong>pro rata<\/strong> ajusta os custos de forma proporcional, evitando cobran\u00e7as excessivas ou subavalia\u00e7\u00e3o dos servi\u00e7os prestados.<\/p>\n\n\n\n<p><strong>Concilia\u00e7\u00e3o de Diferen\u00e7as de Calend\u00e1rio:<\/strong><\/p>\n\n\n\n<p>O<strong> pro rata<\/strong> \u00e9 essencial quando lidamos com diferen\u00e7as de calend\u00e1rio, como o ano fiscal n\u00e3o coincidindo com o ano civil.<\/p>\n\n\n\n<p>Isso porque garante que <a href=\"https:\/\/webmaissistemas.com.br\/blog\/ciclo-operacional\/\" target=\"_blank\" rel=\"noreferrer noopener\"><strong>c\u00e1lculos financeiros<\/strong><\/a> e obriga\u00e7\u00f5es sejam ajustados de maneira justa, levando em considera\u00e7\u00e3o os dias reais de utiliza\u00e7\u00e3o ou compromisso.<\/p>\n\n\n\n<p>Essas situa\u00e7\u00f5es adicionais destacam a versatilidade do <strong>pro rata<\/strong> como uma ferramenta justa e pr\u00e1tica em diversos contextos, facilitando a equidade em transa\u00e7\u00f5es e acordos contratuais.<\/p>\n\n\n\n<h2 id='como-funciona-o-calculo-do-pro-rata'>Como Funciona O C\u00e1lculo Do Pro Rata?<\/h2>\n\n\n\n<p>O c\u00e1lculo do <strong>pro rata<\/strong> depende do tipo espec\u00edfico de situa\u00e7\u00e3o em que est\u00e1 sendo aplicado, seja <strong>pro rata temporis <\/strong>ou <strong>pro rata die<\/strong>. Ent\u00e3o, vamos recapitular brevemente ambos os m\u00e9todos.<\/p>\n\n\n\n<p>No <strong>Pro Rata<\/strong> Temporis:<\/p>\n\n\n\n<p>Primeiramente, identifique o Per\u00edodo Completo: Determine o per\u00edodo total para o qual o pagamento \u00e9 devido.<\/p>\n\n\n\n<p>Calcule a Taxa Di\u00e1ria ou Peri\u00f3dica: D\u00edvida o valor total pelo n\u00famero de dias ou per\u00edodos do contrato.<\/p>\n\n\n\n<p>Por fim, multiplique Pelo Tempo Efetivo de Uso: Multiplique a taxa pelo n\u00famero de dias ou per\u00edodos em que o servi\u00e7o foi efetivamente utilizado.<\/p>\n\n\n\n<p>No <strong>Pro Rata<\/strong> Die:<\/p>\n\n\n\n<p>Calcule a Taxa Di\u00e1ria Anual: D\u00edvida o valor total pelo n\u00famero de dias em um ano.<\/p>\n\n\n\n<p>Depois, multiplique Pelo Tempo Efetivo de Uso: Multiplique a taxa di\u00e1ria pelo n\u00famero de dias em que o servi\u00e7o foi efetivamente utilizado.<\/p>\n\n\n\n<h2 id='o-que-sao-os-juros-pro-rata'>O Que S\u00e3o Os Juros Pro Rata?<\/h2>\n\n\n\n<p>Os juros <strong>pro rata <\/strong>s\u00e3o uma forma mais precisa de calcular os juros, levando em conta o tempo exato em que o dinheiro foi utilizado ou o atraso no pagamento.<\/p>\n\n\n\n<p>Esse m\u00e9todo \u00e9 especialmente \u00fatil em situa\u00e7\u00f5es em que se deseja evitar cobran\u00e7as excessivas ou insuficientes, garantindo uma abordagem mais justa e equitativa.<\/p>\n\n\n\n<h3 class=\"wp-block-heading\">Como Calcular Os Juros Pro Rata<\/h3>\n\n\n\n<p>O c\u00e1lculo dos juros <strong>pro rata<\/strong> envolve a aplica\u00e7\u00e3o de taxas proporcionais ao per\u00edodo de atraso ou uso do capital. A f\u00f3rmula geral \u00e9:<\/p>\n\n\n\n<p>Juros=Capital\u00d7Taxa\u00d7Tempo<\/p>\n\n\n\n<p>Exemplo Pr\u00e1tico de Juros <strong>Pro Rata<\/strong>:<\/p>\n\n\n\n<p>Se um pagamento de R$1000 sofre um atraso de 10 dias com uma taxa de juros di\u00e1ria de 0,2%, os juros <strong>pro rata <\/strong>seriam calculados como:<\/p>\n\n\n\n<p>Juros = 1000 \\times 0,002 \\times 10 = R$ 20<\/p>\n\n\n\n<p>Esse c\u00e1lculo assegura que a cobran\u00e7a de juros reflita precisamente o per\u00edodo de atraso, evitando cobran\u00e7as excessivas ou insuficientes.<\/p>\n\n\n\n<p>Em outras palavras, os juros <strong>pro rata<\/strong> neste caso espec\u00edfico seriam de R$20.<\/p>\n\n\n\n<p>Essa abordagem de c\u00e1lculo garante que a cobran\u00e7a de juros seja proporcional ao per\u00edodo de atraso, proporcionando uma avalia\u00e7\u00e3o mais justa e transparente das taxas aplicadas.<\/p>\n\n\n\n<h2 id='como-funciona-o-pro-rata-em-dividendos'>Como Funciona O Pro Rata Em Dividendos?<\/h2>\n\n\n\n<p>Em sua aplica\u00e7\u00e3o para dividendos, a conta tamb\u00e9m \u00e9 simples. Imagine que uma empresa precisa distribuir lucros para quatro acionistas: um tem 50% da empresa, outro 30%, e, outros dois, 10% cada.<\/p>\n\n\n\n<figure class=\"wp-block-image size-full\"><img decoding=\"async\" width=\"728\" height=\"377\" src=\"https:\/\/webmaissistemas.com.br\/blog\/app\/uploads\/2022\/10\/o-pro-rata-pode-ser-usado-para-dividendos.webp\" alt=\"O pro rata pode ser usado para dividendos\" class=\"wp-image-17865\" title=\"O pro rata pode ser usado para dividendos\" srcset=\"https:\/\/webmaissistemas.com.br\/blog\/app\/uploads\/2022\/10\/o-pro-rata-pode-ser-usado-para-dividendos.webp 728w, https:\/\/webmaissistemas.com.br\/blog\/app\/uploads\/2022\/10\/o-pro-rata-pode-ser-usado-para-dividendos-350x181.webp 350w, https:\/\/webmaissistemas.com.br\/blog\/app\/uploads\/2022\/10\/o-pro-rata-pode-ser-usado-para-dividendos-150x78.webp 150w\" sizes=\"(max-width: 728px) 100vw, 728px\" \/><\/figure>\n\n\n\n<p>Ent\u00e3o, para distribuir um lucro de R$ 1.000.000, \u00e9 preciso entregar, a cada um, um valor proporcional \u00e0 sua cota:<\/p>\n\n\n\n<ul class=\"wp-block-list\">\n<li>o s\u00f3cio que tem 50% da empresa recebe 50% dos lucros: R$ 500.000;<\/li>\n\n\n\n<li>o que tem 30%, recebe 30% dos lucros: R$ 300.000;<\/li>\n\n\n\n<li>e os outros dois, 10% cada: R$ 100.000.<\/li>\n<\/ul>\n\n\n\n<h2 id='como-automatizar-o-calculo'>Como Automatizar O C\u00e1lculo?<\/h2>\n\n\n\n<p>Automatizar o c\u00e1lculo <strong>pro rata<\/strong> \u00e9 uma jogada inteligente para otimizar processos e evitar dores de cabe\u00e7a desnecess\u00e1rias.<\/p>\n\n\n\n<p>Imagine o seguinte cen\u00e1rio: sua empresa est\u00e1 lidando com diversas transa\u00e7\u00f5es financeiras, contas a pagar e divis\u00f5es de valores entre s\u00f3cios.<\/p>\n\n\n\n<p>Se cada c\u00e1lculo fosse feito manualmente, as chances de erro seriam consider\u00e1veis, e ningu\u00e9m quer lidar com retrabalho ou corrigir problemas decorrentes de equ\u00edvocos.<\/p>\n\n\n\n<p>Ao contar com um sistema de gest\u00e3o eficiente, voc\u00ea n\u00e3o apenas agiliza o processo, mas tamb\u00e9m ganha em precis\u00e3o.<\/p>\n\n\n\n<p>Esses sistemas podem lidar com f\u00f3rmulas complexas de forma r\u00e1pida e sem falhas, garantindo que cada <strong>pro rata<\/strong> seja calculado com precis\u00e3o.<\/p>\n\n\n\n<p>Al\u00e9m disso, a automa\u00e7\u00e3o libera tempo para sua equipe se concentrar em tarefas mais estrat\u00e9gicas e criativas, em vez de perder horas em c\u00e1lculos repetitivos.<\/p>\n\n\n\n<figure class=\"wp-block-image size-full\"><a href=\"https:\/\/webmaissistemas.com.br\/sistema-gestao-integrada\/#financeiro?utm_source=blog&amp;utm_medium=organic&amp;utm_campaign=\" target=\"_blank\" rel=\"noreferrer noopener\"><img decoding=\"async\" width=\"728\" height=\"150\" src=\"https:\/\/webmaissistemas.com.br\/blog\/app\/uploads\/2022\/10\/otimizar-seu-financiamento-esta-no-erp-webmais.webp\" alt=\"BANNER Tudo o que voc\u00ea precisa para otimizar seu financeiro est\u00e1 no ERP WebMais!\" class=\"wp-image-17866\" srcset=\"https:\/\/webmaissistemas.com.br\/blog\/app\/uploads\/2022\/10\/otimizar-seu-financiamento-esta-no-erp-webmais.webp 728w, https:\/\/webmaissistemas.com.br\/blog\/app\/uploads\/2022\/10\/otimizar-seu-financiamento-esta-no-erp-webmais-350x72.webp 350w, https:\/\/webmaissistemas.com.br\/blog\/app\/uploads\/2022\/10\/otimizar-seu-financiamento-esta-no-erp-webmais-150x31.webp 150w\" sizes=\"(max-width: 728px) 100vw, 728px\" \/><\/a><\/figure>\n\n\n\n<h2 id='conclusao'>Conclus\u00e3o<\/h2>\n\n\n\n<p>Entender o <strong>pro rata<\/strong> \u00e9 essencial para garantir uma distribui\u00e7\u00e3o justa e proporcional de custos, benef\u00edcios e obriga\u00e7\u00f5es em diversas situa\u00e7\u00f5es. Isso vai de contratos de trabalho at\u00e9 a distribui\u00e7\u00e3o de dividendos em uma empresa.<\/p>\n\n\n\n<p>No mundo empresarial, a precis\u00e3o do <strong>pro rata<\/strong> \u00e9 de grande import\u00e2ncia, e o ERP Webmais se destaca como uma ferramenta valiosa para automatizar esses c\u00e1lculos.<\/p>\n\n\n\n<p>Ao adotar esse sistema de gest\u00e3o, sua empresa n\u00e3o apenas ganha agilidade, mas tamb\u00e9m assegura a precis\u00e3o e elimina poss\u00edveis erros. Assim, o dia a dia torna-se mais eficiente e seguro.<\/p>\n\n\n\n<p><a href=\"https:\/\/lp.webmaissistemas.com.br\/demonstracao?utm_source=blog&amp;utm_medium=organic&amp;utm_campaign=r1-pro-rata\" target=\"_blank\" rel=\"noreferrer noopener\"><strong>Agende uma demonstra\u00e7\u00e3o gratuita do ERP WebMais<\/strong><\/a> e leve sua gest\u00e3o para o pr\u00f3ximo n\u00edvel!<\/p>\n\n\n\n<div role=\"main\" id=\"fundo-do-artigo-fale-com-um-especialista-103df2c0a0b2c6087827\"><\/div><script type=\"text\/javascript\" src=\"https:\/\/d335luupugsy2.cloudfront.net\/js\/rdstation-forms\/stable\/rdstation-forms.min.js\"><\/script><script type=\"text\/javascript\"> new RDStationForms('fundo-do-artigo-fale-com-um-especialista-103df2c0a0b2c6087827', 'UA-43092956-1').createForm();<\/script>\n\n\n\n<script type=\"application\/ld+json\">\n{\n  \"@context\": \"https:\/\/schema.org\",\n  \"@type\": \"FAQPage\",\n  \"mainEntity\": [{\n    \"@type\": \"Question\",\n    \"name\": \"O Que \u00c9 Prorata?\",\n    \"acceptedAnswer\": {\n      \"@type\": \"Answer\",\n      \"text\": \"Pro rata \u00e9 o c\u00e1lculo proporcional sobre algum pagamento. Ele divide o valor em partes menores e cada uma delas \u00e9 multiplicada pelo tempo de uso.\n\nQuer um exemplo para entender melhor? \n\nEsse tipo de c\u00e1lculo \u00e9 muito utilizado quando voc\u00ea faz assinatura de um plano mensal e come\u00e7a a us\u00e1-lo na metade do m\u00eas.\"\n    }\n  },{\n    \"@type\": \"Question\",\n    \"name\": \"Quais S\u00e3o Os Tipos De Pro Rata?\",\n    \"acceptedAnswer\": {\n      \"@type\": \"Answer\",\n      \"text\": \"ProRata Temporis\nProrata temporis \u00e9 aquele que \u00e9 proporcional ao tempo, ou seja, indica uma medi\u00e7\u00e3o que considera um determinado per\u00edodo.\n\n\u00c9 o que acontece no exemplo que demos aqui neste artigo, assim como no pagamento de um sal\u00e1rio proporcional aos dias de trabalho.\n\nPro Rata Die\nJ\u00e1 o pro rata die \u00e9 proporcional ao dia e \u00e9 aplicado em divis\u00f5es que t\u00eam como base um \u00fanico dia. Geralmente, esse c\u00e1lculo \u00e9 utilizado na an\u00e1lise de contratos, fluxo de caixa e cobran\u00e7a de juros exprimida em valores di\u00e1rios.\"\n    }\n  }]\n}\n<\/script>\n","protected":false},"excerpt":{"rendered":"<p>Voc\u00ea j\u00e1 ouviu falar em pro rata? Ele \u00e9 um c\u00e1lculo feito para determinar valores de pagamentos quando eles devem acontecer proporcionalmente a um determinado per\u00edodo.<\/p>\n","protected":false},"author":8,"featured_media":10960,"comment_status":"open","ping_status":"open","sticky":false,"template":"","format":"standard","meta":{"_acf_changed":false,"om_disable_all_campaigns":false,"footnotes":""},"categories":[195],"tags":[733,734,732],"class_list":["post-10957","post","type-post","status-publish","format-standard","has-post-thumbnail","hentry","category-controle-financas","tag-como-fazer","tag-o-que-e","tag-pro-rata"],"acf":[],"yoast_head":"<!-- This site is optimized with the Yoast SEO plugin v26.9 - https:\/\/yoast.com\/product\/yoast-seo-wordpress\/ -->\n<title>Pro Rata: Conceito, Tipos E Como Calcular<\/title>\n<meta name=\"description\" content=\"Pro rata \u00e9 o c\u00e1lculo proporcional sobre algum pagamento. Acesse o blog e saiba o que \u00e9, conhe\u00e7a os tipos e aprenda a calcular!\" \/>\n<meta name=\"robots\" content=\"index, follow, max-snippet:-1, max-image-preview:large, max-video-preview:-1\" \/>\n<link rel=\"canonical\" href=\"https:\/\/webmaissistemas.com.br\/blog\/pro-rata\/\" \/>\n<meta property=\"og:locale\" content=\"pt_BR\" \/>\n<meta property=\"og:type\" content=\"article\" \/>\n<meta property=\"og:title\" content=\"Pro Rata: Conceito, Tipos E Como Calcular\" \/>\n<meta property=\"og:description\" content=\"Pro rata \u00e9 o c\u00e1lculo proporcional sobre algum pagamento. Acesse o blog e saiba o que \u00e9, conhe\u00e7a os tipos e aprenda a calcular!\" \/>\n<meta property=\"og:url\" content=\"https:\/\/webmaissistemas.com.br\/blog\/pro-rata\/\" \/>\n<meta property=\"og:site_name\" content=\"Blog WebMais - Tudo sobre Gest\u00e3o Industrial e ERP\" \/>\n<meta property=\"article:publisher\" content=\"https:\/\/www.facebook.com\/webmaissistemas\/\" \/>\n<meta property=\"article:author\" content=\"https:\/\/pt-br.facebook.com\/webmaissistemas\/\" \/>\n<meta property=\"article:published_time\" content=\"2024-01-04T11:08:00+00:00\" \/>\n<meta property=\"article:modified_time\" content=\"2024-01-05T12:31:13+00:00\" \/>\n<meta property=\"og:image\" content=\"https:\/\/webmaissistemas.com.br\/blog\/app\/uploads\/2022\/10\/Tudo-o-que-voce-precisa-saber-sobre-o-calculo-do-pro-rata.webp\" \/>\n\t<meta property=\"og:image:width\" content=\"728\" \/>\n\t<meta property=\"og:image:height\" content=\"351\" \/>\n\t<meta property=\"og:image:type\" content=\"image\/webp\" \/>\n<meta name=\"author\" content=\"Sanon Matias\" \/>\n<meta name=\"twitter:card\" content=\"summary_large_image\" \/>\n<meta name=\"twitter:label1\" content=\"Escrito por\" \/>\n\t<meta name=\"twitter:data1\" content=\"Sanon Matias\" \/>\n\t<meta name=\"twitter:label2\" content=\"Est. tempo de leitura\" \/>\n\t<meta name=\"twitter:data2\" content=\"14 minutos\" \/>\n<script type=\"application\/ld+json\" class=\"yoast-schema-graph\">{\"@context\":\"https:\/\/schema.org\",\"@graph\":[{\"@type\":\"Article\",\"@id\":\"https:\/\/webmaissistemas.com.br\/blog\/pro-rata\/#article\",\"isPartOf\":{\"@id\":\"https:\/\/webmaissistemas.com.br\/blog\/pro-rata\/\"},\"author\":{\"name\":\"Sanon Matias\",\"@id\":\"https:\/\/webmaissistemas.com.br\/blog\/#\/schema\/person\/2035a40b697979c683a5139310f7abb3\"},\"headline\":\"Entenda O Que \u00c9 Pro Rata E Aprenda A Fazer O C\u00e1lculo\",\"datePublished\":\"2024-01-04T11:08:00+00:00\",\"dateModified\":\"2024-01-05T12:31:13+00:00\",\"mainEntityOfPage\":{\"@id\":\"https:\/\/webmaissistemas.com.br\/blog\/pro-rata\/\"},\"wordCount\":2351,\"commentCount\":0,\"publisher\":{\"@id\":\"https:\/\/webmaissistemas.com.br\/blog\/#organization\"},\"image\":{\"@id\":\"https:\/\/webmaissistemas.com.br\/blog\/pro-rata\/#primaryimage\"},\"thumbnailUrl\":\"https:\/\/webmaissistemas.com.br\/blog\/app\/uploads\/2022\/10\/Tudo-o-que-voce-precisa-saber-sobre-o-calculo-do-pro-rata.webp\",\"keywords\":[\"como fazer\",\"o que \u00e9\",\"pro rata\"],\"articleSection\":[\"Controle de finan\u00e7as\"],\"inLanguage\":\"pt-BR\",\"potentialAction\":[{\"@type\":\"CommentAction\",\"name\":\"Comment\",\"target\":[\"https:\/\/webmaissistemas.com.br\/blog\/pro-rata\/#respond\"]}]},{\"@type\":\"WebPage\",\"@id\":\"https:\/\/webmaissistemas.com.br\/blog\/pro-rata\/\",\"url\":\"https:\/\/webmaissistemas.com.br\/blog\/pro-rata\/\",\"name\":\"Pro Rata: Conceito, Tipos E Como Calcular\",\"isPartOf\":{\"@id\":\"https:\/\/webmaissistemas.com.br\/blog\/#website\"},\"primaryImageOfPage\":{\"@id\":\"https:\/\/webmaissistemas.com.br\/blog\/pro-rata\/#primaryimage\"},\"image\":{\"@id\":\"https:\/\/webmaissistemas.com.br\/blog\/pro-rata\/#primaryimage\"},\"thumbnailUrl\":\"https:\/\/webmaissistemas.com.br\/blog\/app\/uploads\/2022\/10\/Tudo-o-que-voce-precisa-saber-sobre-o-calculo-do-pro-rata.webp\",\"datePublished\":\"2024-01-04T11:08:00+00:00\",\"dateModified\":\"2024-01-05T12:31:13+00:00\",\"description\":\"Pro rata \u00e9 o c\u00e1lculo proporcional sobre algum pagamento. Acesse o blog e saiba o que \u00e9, conhe\u00e7a os tipos e aprenda a calcular!\",\"breadcrumb\":{\"@id\":\"https:\/\/webmaissistemas.com.br\/blog\/pro-rata\/#breadcrumb\"},\"inLanguage\":\"pt-BR\",\"potentialAction\":[{\"@type\":\"ReadAction\",\"target\":[\"https:\/\/webmaissistemas.com.br\/blog\/pro-rata\/\"]}]},{\"@type\":\"ImageObject\",\"inLanguage\":\"pt-BR\",\"@id\":\"https:\/\/webmaissistemas.com.br\/blog\/pro-rata\/#primaryimage\",\"url\":\"https:\/\/webmaissistemas.com.br\/blog\/app\/uploads\/2022\/10\/Tudo-o-que-voce-precisa-saber-sobre-o-calculo-do-pro-rata.webp\",\"contentUrl\":\"https:\/\/webmaissistemas.com.br\/blog\/app\/uploads\/2022\/10\/Tudo-o-que-voce-precisa-saber-sobre-o-calculo-do-pro-rata.webp\",\"width\":728,\"height\":351,\"caption\":\"tudo o que voc\u00ea precisa saber sobre c\u00e1lculo do pro rata\"},{\"@type\":\"BreadcrumbList\",\"@id\":\"https:\/\/webmaissistemas.com.br\/blog\/pro-rata\/#breadcrumb\",\"itemListElement\":[{\"@type\":\"ListItem\",\"position\":1,\"name\":\"In\u00edcio\",\"item\":\"https:\/\/webmaissistemas.com.br\/blog\/\"},{\"@type\":\"ListItem\",\"position\":2,\"name\":\"Controle de finan\u00e7as\",\"item\":\"https:\/\/webmaissistemas.com.br\/blog\/controle-financas\/\"},{\"@type\":\"ListItem\",\"position\":3,\"name\":\"Entenda O Que \u00c9 Pro Rata E Aprenda A Fazer O C\u00e1lculo\"}]},{\"@type\":\"WebSite\",\"@id\":\"https:\/\/webmaissistemas.com.br\/blog\/#website\",\"url\":\"https:\/\/webmaissistemas.com.br\/blog\/\",\"name\":\"Blog WebMais - Tudo sobre Gest\u00e3o Industrial e ERP\",\"description\":\"Aqui no blog da WebMais voc\u00ea fica por dentro de tudo o que \u00e9 novidade sobre o mundo da gest\u00e3o de ind\u00fastrias e distribuidoras.\",\"publisher\":{\"@id\":\"https:\/\/webmaissistemas.com.br\/blog\/#organization\"},\"potentialAction\":[{\"@type\":\"SearchAction\",\"target\":{\"@type\":\"EntryPoint\",\"urlTemplate\":\"https:\/\/webmaissistemas.com.br\/blog\/?s={search_term_string}\"},\"query-input\":{\"@type\":\"PropertyValueSpecification\",\"valueRequired\":true,\"valueName\":\"search_term_string\"}}],\"inLanguage\":\"pt-BR\"},{\"@type\":\"Organization\",\"@id\":\"https:\/\/webmaissistemas.com.br\/blog\/#organization\",\"name\":\"WebMais Sistemas\",\"url\":\"https:\/\/webmaissistemas.com.br\/blog\/\",\"logo\":{\"@type\":\"ImageObject\",\"inLanguage\":\"pt-BR\",\"@id\":\"https:\/\/webmaissistemas.com.br\/blog\/#\/schema\/logo\/image\/\",\"url\":\"https:\/\/webmaissistemas.com.br\/blog\/app\/uploads\/2021\/04\/logo-blog.jpg\",\"contentUrl\":\"https:\/\/webmaissistemas.com.br\/blog\/app\/uploads\/2021\/04\/logo-blog.jpg\",\"width\":800,\"height\":118,\"caption\":\"WebMais Sistemas\"},\"image\":{\"@id\":\"https:\/\/webmaissistemas.com.br\/blog\/#\/schema\/logo\/image\/\"},\"sameAs\":[\"https:\/\/www.facebook.com\/webmaissistemas\/\",\"https:\/\/www.instagram.com\/webmais_sistemas\",\"https:\/\/br.linkedin.com\/company\/webmais-sistemas\",\"https:\/\/www.youtube.com\/channel\/UCfTCVlfTTPXpVoXJDRJ3pRQ\"]},{\"@type\":\"Person\",\"@id\":\"https:\/\/webmaissistemas.com.br\/blog\/#\/schema\/person\/2035a40b697979c683a5139310f7abb3\",\"name\":\"Sanon Matias\",\"image\":{\"@type\":\"ImageObject\",\"inLanguage\":\"pt-BR\",\"@id\":\"https:\/\/webmaissistemas.com.br\/blog\/#\/schema\/person\/image\/\",\"url\":\"https:\/\/secure.gravatar.com\/avatar\/0080f22f5cfa42b324d52cb806afc8a951fc807c46e23d8daa6528befd097208?s=96&d=mm&r=g\",\"contentUrl\":\"https:\/\/secure.gravatar.com\/avatar\/0080f22f5cfa42b324d52cb806afc8a951fc807c46e23d8daa6528befd097208?s=96&d=mm&r=g\",\"caption\":\"Sanon Matias\"},\"description\":\"Fundador da WebMais Sistemas, Sanon Matias Fortunato possui mais de 25 anos de experi\u00eancia em diversas vertentes das tecnologias e gest\u00e3o empresarial, com \u00eanfase em Ind\u00fastria e Distribui\u00e7\u00e3o. Profundo conhecedor da \u00e1rea comercial, Funil de vendas, CRM, Indicadores, M\u00eddias Pagas, SEO, Inbound Marketing, Adwords, FacebookAds, Rede Sociais, Sucesso de Cliente e Canais de Parcerias.\",\"sameAs\":[\"https:\/\/webmaissistemas.com.br\/\",\"https:\/\/pt-br.facebook.com\/webmaissistemas\/\",\"https:\/\/www.instagram.com\/sanonmatias\/?hl=en\",\"https:\/\/www.linkedin.com\/in\/sanonmatias\/\",\"https:\/\/www.youtube.com\/channel\/UCfTCVlfTTPXpVoXJDRJ3pRQ\"],\"url\":\"https:\/\/webmaissistemas.com.br\/blog\/author\/sanon\/\"}]}<\/script>\n<!-- \/ Yoast SEO plugin. -->","yoast_head_json":{"title":"Pro Rata: Conceito, Tipos E Como Calcular","description":"Pro rata \u00e9 o c\u00e1lculo proporcional sobre algum pagamento. Acesse o blog e saiba o que \u00e9, conhe\u00e7a os tipos e aprenda a calcular!","robots":{"index":"index","follow":"follow","max-snippet":"max-snippet:-1","max-image-preview":"max-image-preview:large","max-video-preview":"max-video-preview:-1"},"canonical":"https:\/\/webmaissistemas.com.br\/blog\/pro-rata\/","og_locale":"pt_BR","og_type":"article","og_title":"Pro Rata: Conceito, Tipos E Como Calcular","og_description":"Pro rata \u00e9 o c\u00e1lculo proporcional sobre algum pagamento. Acesse o blog e saiba o que \u00e9, conhe\u00e7a os tipos e aprenda a calcular!","og_url":"https:\/\/webmaissistemas.com.br\/blog\/pro-rata\/","og_site_name":"Blog WebMais - Tudo sobre Gest\u00e3o Industrial e ERP","article_publisher":"https:\/\/www.facebook.com\/webmaissistemas\/","article_author":"https:\/\/pt-br.facebook.com\/webmaissistemas\/","article_published_time":"2024-01-04T11:08:00+00:00","article_modified_time":"2024-01-05T12:31:13+00:00","og_image":[{"width":728,"height":351,"url":"https:\/\/webmaissistemas.com.br\/blog\/app\/uploads\/2022\/10\/Tudo-o-que-voce-precisa-saber-sobre-o-calculo-do-pro-rata.webp","type":"image\/webp"}],"author":"Sanon Matias","twitter_card":"summary_large_image","twitter_misc":{"Escrito por":"Sanon Matias","Est. tempo de leitura":"14 minutos"},"schema":{"@context":"https:\/\/schema.org","@graph":[{"@type":"Article","@id":"https:\/\/webmaissistemas.com.br\/blog\/pro-rata\/#article","isPartOf":{"@id":"https:\/\/webmaissistemas.com.br\/blog\/pro-rata\/"},"author":{"name":"Sanon Matias","@id":"https:\/\/webmaissistemas.com.br\/blog\/#\/schema\/person\/2035a40b697979c683a5139310f7abb3"},"headline":"Entenda O Que \u00c9 Pro Rata E Aprenda A Fazer O C\u00e1lculo","datePublished":"2024-01-04T11:08:00+00:00","dateModified":"2024-01-05T12:31:13+00:00","mainEntityOfPage":{"@id":"https:\/\/webmaissistemas.com.br\/blog\/pro-rata\/"},"wordCount":2351,"commentCount":0,"publisher":{"@id":"https:\/\/webmaissistemas.com.br\/blog\/#organization"},"image":{"@id":"https:\/\/webmaissistemas.com.br\/blog\/pro-rata\/#primaryimage"},"thumbnailUrl":"https:\/\/webmaissistemas.com.br\/blog\/app\/uploads\/2022\/10\/Tudo-o-que-voce-precisa-saber-sobre-o-calculo-do-pro-rata.webp","keywords":["como fazer","o que \u00e9","pro rata"],"articleSection":["Controle de finan\u00e7as"],"inLanguage":"pt-BR","potentialAction":[{"@type":"CommentAction","name":"Comment","target":["https:\/\/webmaissistemas.com.br\/blog\/pro-rata\/#respond"]}]},{"@type":"WebPage","@id":"https:\/\/webmaissistemas.com.br\/blog\/pro-rata\/","url":"https:\/\/webmaissistemas.com.br\/blog\/pro-rata\/","name":"Pro Rata: Conceito, Tipos E Como Calcular","isPartOf":{"@id":"https:\/\/webmaissistemas.com.br\/blog\/#website"},"primaryImageOfPage":{"@id":"https:\/\/webmaissistemas.com.br\/blog\/pro-rata\/#primaryimage"},"image":{"@id":"https:\/\/webmaissistemas.com.br\/blog\/pro-rata\/#primaryimage"},"thumbnailUrl":"https:\/\/webmaissistemas.com.br\/blog\/app\/uploads\/2022\/10\/Tudo-o-que-voce-precisa-saber-sobre-o-calculo-do-pro-rata.webp","datePublished":"2024-01-04T11:08:00+00:00","dateModified":"2024-01-05T12:31:13+00:00","description":"Pro rata \u00e9 o c\u00e1lculo proporcional sobre algum pagamento. Acesse o blog e saiba o que \u00e9, conhe\u00e7a os tipos e aprenda a calcular!","breadcrumb":{"@id":"https:\/\/webmaissistemas.com.br\/blog\/pro-rata\/#breadcrumb"},"inLanguage":"pt-BR","potentialAction":[{"@type":"ReadAction","target":["https:\/\/webmaissistemas.com.br\/blog\/pro-rata\/"]}]},{"@type":"ImageObject","inLanguage":"pt-BR","@id":"https:\/\/webmaissistemas.com.br\/blog\/pro-rata\/#primaryimage","url":"https:\/\/webmaissistemas.com.br\/blog\/app\/uploads\/2022\/10\/Tudo-o-que-voce-precisa-saber-sobre-o-calculo-do-pro-rata.webp","contentUrl":"https:\/\/webmaissistemas.com.br\/blog\/app\/uploads\/2022\/10\/Tudo-o-que-voce-precisa-saber-sobre-o-calculo-do-pro-rata.webp","width":728,"height":351,"caption":"tudo o que voc\u00ea precisa saber sobre c\u00e1lculo do pro rata"},{"@type":"BreadcrumbList","@id":"https:\/\/webmaissistemas.com.br\/blog\/pro-rata\/#breadcrumb","itemListElement":[{"@type":"ListItem","position":1,"name":"In\u00edcio","item":"https:\/\/webmaissistemas.com.br\/blog\/"},{"@type":"ListItem","position":2,"name":"Controle de finan\u00e7as","item":"https:\/\/webmaissistemas.com.br\/blog\/controle-financas\/"},{"@type":"ListItem","position":3,"name":"Entenda O Que \u00c9 Pro Rata E Aprenda A Fazer O C\u00e1lculo"}]},{"@type":"WebSite","@id":"https:\/\/webmaissistemas.com.br\/blog\/#website","url":"https:\/\/webmaissistemas.com.br\/blog\/","name":"Blog WebMais - Tudo sobre Gest\u00e3o Industrial e ERP","description":"Aqui no blog da WebMais voc\u00ea fica por dentro de tudo o que \u00e9 novidade sobre o mundo da gest\u00e3o de ind\u00fastrias e distribuidoras.","publisher":{"@id":"https:\/\/webmaissistemas.com.br\/blog\/#organization"},"potentialAction":[{"@type":"SearchAction","target":{"@type":"EntryPoint","urlTemplate":"https:\/\/webmaissistemas.com.br\/blog\/?s={search_term_string}"},"query-input":{"@type":"PropertyValueSpecification","valueRequired":true,"valueName":"search_term_string"}}],"inLanguage":"pt-BR"},{"@type":"Organization","@id":"https:\/\/webmaissistemas.com.br\/blog\/#organization","name":"WebMais Sistemas","url":"https:\/\/webmaissistemas.com.br\/blog\/","logo":{"@type":"ImageObject","inLanguage":"pt-BR","@id":"https:\/\/webmaissistemas.com.br\/blog\/#\/schema\/logo\/image\/","url":"https:\/\/webmaissistemas.com.br\/blog\/app\/uploads\/2021\/04\/logo-blog.jpg","contentUrl":"https:\/\/webmaissistemas.com.br\/blog\/app\/uploads\/2021\/04\/logo-blog.jpg","width":800,"height":118,"caption":"WebMais Sistemas"},"image":{"@id":"https:\/\/webmaissistemas.com.br\/blog\/#\/schema\/logo\/image\/"},"sameAs":["https:\/\/www.facebook.com\/webmaissistemas\/","https:\/\/www.instagram.com\/webmais_sistemas","https:\/\/br.linkedin.com\/company\/webmais-sistemas","https:\/\/www.youtube.com\/channel\/UCfTCVlfTTPXpVoXJDRJ3pRQ"]},{"@type":"Person","@id":"https:\/\/webmaissistemas.com.br\/blog\/#\/schema\/person\/2035a40b697979c683a5139310f7abb3","name":"Sanon Matias","image":{"@type":"ImageObject","inLanguage":"pt-BR","@id":"https:\/\/webmaissistemas.com.br\/blog\/#\/schema\/person\/image\/","url":"https:\/\/secure.gravatar.com\/avatar\/0080f22f5cfa42b324d52cb806afc8a951fc807c46e23d8daa6528befd097208?s=96&d=mm&r=g","contentUrl":"https:\/\/secure.gravatar.com\/avatar\/0080f22f5cfa42b324d52cb806afc8a951fc807c46e23d8daa6528befd097208?s=96&d=mm&r=g","caption":"Sanon Matias"},"description":"Fundador da WebMais Sistemas, Sanon Matias Fortunato possui mais de 25 anos de experi\u00eancia em diversas vertentes das tecnologias e gest\u00e3o empresarial, com \u00eanfase em Ind\u00fastria e Distribui\u00e7\u00e3o. Profundo conhecedor da \u00e1rea comercial, Funil de vendas, CRM, Indicadores, M\u00eddias Pagas, SEO, Inbound Marketing, Adwords, FacebookAds, Rede Sociais, Sucesso de Cliente e Canais de Parcerias.","sameAs":["https:\/\/webmaissistemas.com.br\/","https:\/\/pt-br.facebook.com\/webmaissistemas\/","https:\/\/www.instagram.com\/sanonmatias\/?hl=en","https:\/\/www.linkedin.com\/in\/sanonmatias\/","https:\/\/www.youtube.com\/channel\/UCfTCVlfTTPXpVoXJDRJ3pRQ"],"url":"https:\/\/webmaissistemas.com.br\/blog\/author\/sanon\/"}]}},"_links":{"self":[{"href":"https:\/\/webmaissistemas.com.br\/blog\/wp-json\/wp\/v2\/posts\/10957","targetHints":{"allow":["GET"]}}],"collection":[{"href":"https:\/\/webmaissistemas.com.br\/blog\/wp-json\/wp\/v2\/posts"}],"about":[{"href":"https:\/\/webmaissistemas.com.br\/blog\/wp-json\/wp\/v2\/types\/post"}],"author":[{"embeddable":true,"href":"https:\/\/webmaissistemas.com.br\/blog\/wp-json\/wp\/v2\/users\/8"}],"replies":[{"embeddable":true,"href":"https:\/\/webmaissistemas.com.br\/blog\/wp-json\/wp\/v2\/comments?post=10957"}],"version-history":[{"count":5,"href":"https:\/\/webmaissistemas.com.br\/blog\/wp-json\/wp\/v2\/posts\/10957\/revisions"}],"predecessor-version":[{"id":17870,"href":"https:\/\/webmaissistemas.com.br\/blog\/wp-json\/wp\/v2\/posts\/10957\/revisions\/17870"}],"wp:featuredmedia":[{"embeddable":true,"href":"https:\/\/webmaissistemas.com.br\/blog\/wp-json\/wp\/v2\/media\/10960"}],"wp:attachment":[{"href":"https:\/\/webmaissistemas.com.br\/blog\/wp-json\/wp\/v2\/media?parent=10957"}],"wp:term":[{"taxonomy":"category","embeddable":true,"href":"https:\/\/webmaissistemas.com.br\/blog\/wp-json\/wp\/v2\/categories?post=10957"},{"taxonomy":"post_tag","embeddable":true,"href":"https:\/\/webmaissistemas.com.br\/blog\/wp-json\/wp\/v2\/tags?post=10957"}],"curies":[{"name":"wp","href":"https:\/\/api.w.org\/{rel}","templated":true}]}}