{"id":16499,"date":"2025-12-12T07:00:00","date_gmt":"2025-12-12T10:00:00","guid":{"rendered":"https:\/\/webmaissistemas.com.br\/blog\/?p=16499"},"modified":"2025-11-19T10:59:49","modified_gmt":"2025-11-19T13:59:49","slug":"brand-persona","status":"publish","type":"post","link":"https:\/\/webmaissistemas.com.br\/blog\/brand-persona\/","title":{"rendered":"Brand Persona: como construir a personalidade da marca"},"content":{"rendered":"\n<p class=\"destaque\">Em um mercado competitivo e cada vez mais digital, n\u00e3o basta ter bons produtos, \u00e9 preciso construir <strong>uma marca que se conecta de verdade com as pessoas<\/strong>.&nbsp;<\/p>\n\n\n\n<p>\u00c9 exatamente isso que a <strong>Brand Persona<\/strong> possibilita: criar uma identidade <strong>\u00fanica<\/strong>, <strong>humana <\/strong>e <strong>consistente<\/strong>, capaz de guiar toda a comunica\u00e7\u00e3o e fortalecer o posicionamento da empresa.<\/p>\n\n\n\n<p>Sendo assim, neste guia completo, voc\u00ea vai entender <strong>o que \u00e9 Brand Persona, para que serve, como criar, exemplos reais, ferramentas, modelos e diferenciais estrat\u00e9gicos<\/strong>.<\/p>\n\n\n\n<p>Ou seja, tudo o que um gestor ou profissional de marketing precisa para otimizar seu<strong> <\/strong><a href=\"https:\/\/webmaissistemas.com.br\/blog\/plano-marketing\/\" target=\"_blank\" rel=\"noreferrer noopener\"><strong>plano de marketing<\/strong><\/a> e colocar a Brand Persona <strong>em pr\u00e1tica.<\/strong><\/p>\n\n\n\n<figure class=\"wp-block-image size-full is-resized imagem-desktop\"><a href=\"https:\/\/webmaissistemas.com.br\/?utm_source=blog%20&amp;utm_medium=organic&amp;utm_campaign=banner%20padr%C3%A3o\" target=\"_blank\" rel=\"noreferrer noopener\"><img decoding=\"async\" width=\"728\" height=\"200\" src=\"https:\/\/webmaissistemas.com.br\/blog\/app\/uploads\/2024\/12\/banner-blog-gestao-webmais-desktop.webp\" alt=\"Banner Gest\u00e3o Webmais\" class=\"wp-image-21289\" style=\"width:841px;height:auto\" title=\"Estoque, compras, financeiro com o ERP WebMais\" srcset=\"https:\/\/webmaissistemas.com.br\/blog\/app\/uploads\/2024\/12\/banner-blog-gestao-webmais-desktop.webp 728w, https:\/\/webmaissistemas.com.br\/blog\/app\/uploads\/2024\/12\/banner-blog-gestao-webmais-desktop-350x96.webp 350w\" sizes=\"(max-width: 728px) 100vw, 728px\" \/><\/a><\/figure>\n\n\n\n<figure class=\"wp-block-image size-full is-resized imagem-mobile\"><a href=\"https:\/\/webmaissistemas.com.br\/?utm_source=blog%20&amp;utm_medium=organic&amp;utm_campaign=banner%20padr%C3%A3o\" target=\"_blank\" rel=\"noreferrer noopener\"><img decoding=\"async\" width=\"540\" height=\"540\" src=\"https:\/\/webmaissistemas.com.br\/blog\/app\/uploads\/2024\/12\/banner-blog-gestao-webmais-responsivo.webp\" alt=\"Banner Gest\u00e3o Webmais\" class=\"wp-image-21290\" style=\"width:841px;height:auto\" title=\"Estoque, compras, financeiro com o ERP WebMais\" srcset=\"https:\/\/webmaissistemas.com.br\/blog\/app\/uploads\/2024\/12\/banner-blog-gestao-webmais-responsivo.webp 540w, https:\/\/webmaissistemas.com.br\/blog\/app\/uploads\/2024\/12\/banner-blog-gestao-webmais-responsivo-500x500.webp 500w, https:\/\/webmaissistemas.com.br\/blog\/app\/uploads\/2024\/12\/banner-blog-gestao-webmais-responsivo-350x350.webp 350w\" sizes=\"(max-width: 540px) 100vw, 540px\" \/><\/a><\/figure>\n\n\n\n<h2 id='o-que-e-brand-persona'>O que \u00e9 Brand Persona?<\/h2>\n\n\n\n<p>A <strong>Brand Persona<\/strong> \u00e9 a representa\u00e7\u00e3o humana da sua marca.<\/p>\n\n\n\n<p>Em outras palavras, \u00e9 a<strong> personifica\u00e7\u00e3o da identidade<\/strong>, <strong>personalidade<\/strong>, <strong>estilo de comunica\u00e7\u00e3o<\/strong>, <strong>comportamentos<\/strong>, <strong>valores <\/strong>e <strong>forma <\/strong>como ela se relaciona com o p\u00fablico.<\/p>\n\n\n\n<p>Assim sendo, ela funciona como uma <strong>\u201cfigura humana\u201d <\/strong>que traduz:<\/p>\n\n\n\n<ul class=\"wp-block-list\">\n<li>Tom de voz<\/li>\n\n\n\n<li>Valores e cren\u00e7as<\/li>\n\n\n\n<li>Postura e atitude<\/li>\n\n\n\n<li>Modo de comunicar<\/li>\n\n\n\n<li>Comportamentos<\/li>\n\n\n\n<li>Rea\u00e7\u00f5es<\/li>\n\n\n\n<li>Estilo<\/li>\n<\/ul>\n\n\n\n<p>Portanto, a Brand Persona <strong>n\u00e3o \u00e9 um mascote<\/strong>. Tamb\u00e9m <strong>n\u00e3o \u00e9 o <\/strong><a href=\"https:\/\/webmaissistemas.com.br\/blog\/publico-alvo-persona-voce-esta-vendendo-para-pessoas-certas\/\" target=\"_blank\" rel=\"noreferrer noopener\"><strong>p\u00fablico-alvo<\/strong><\/a>. Ela \u00e9 a <strong>personalidade da marca<\/strong>, usada para garantir comunica\u00e7\u00e3o consistente e aut\u00eantica em todos os pontos de contato.<\/p>\n\n\n\n<figure class=\"wp-block-image size-full\"><img decoding=\"async\" width=\"728\" height=\"575\" src=\"https:\/\/webmaissistemas.com.br\/blog\/app\/uploads\/2023\/09\/Brand-Persona.webp\" alt=\"Brand Persona\" class=\"wp-image-23782\" srcset=\"https:\/\/webmaissistemas.com.br\/blog\/app\/uploads\/2023\/09\/Brand-Persona.webp 728w, https:\/\/webmaissistemas.com.br\/blog\/app\/uploads\/2023\/09\/Brand-Persona-633x500.webp 633w, https:\/\/webmaissistemas.com.br\/blog\/app\/uploads\/2023\/09\/Brand-Persona-350x276.webp 350w\" sizes=\"(max-width: 728px) 100vw, 728px\" \/><\/figure>\n\n\n\n<div style=\"height:20px\" aria-hidden=\"true\" class=\"wp-block-spacer\"><\/div>\n\n\n\n<h2 id='para-que-serve-a-brand-persona'>Para que serve a Brand Persona?<\/h2>\n\n\n\n<p>De forma resumida, a <strong>Brand Persona<\/strong> serve como um <strong>guia central de identidade<\/strong>, sendo aplicada em:<\/p>\n\n\n\n<ul class=\"wp-block-list\">\n<li><strong>Marketing:<\/strong> tom de voz, campanhas e linguagem<\/li>\n\n\n\n<li>Comunica\u00e7\u00e3o interna e externa<\/li>\n\n\n\n<li>Atendimento ao cliente e SAC<\/li>\n\n\n\n<li>Social media<\/li>\n\n\n\n<li>Vendas e pr\u00e9-vendas<\/li>\n\n\n\n<li>Conte\u00fado<\/li>\n\n\n\n<li>Branding e posicionamento<\/li>\n\n\n\n<li>Experi\u00eancia do cliente<\/li>\n<\/ul>\n\n\n\n<p>Assim sendo, ela garante que a marca <strong>sempre se apresente da mesma forma<\/strong>, independentemente de quem est\u00e1 produzindo a comunica\u00e7\u00e3o.<\/p>\n\n\n\n<h2 id='por-que-a-brand-persona-e-importante'>Por que a Brand Persona \u00e9 importante?<\/h2>\n\n\n\n<p>A <strong>Brand Persona<\/strong> \u00e9 importante, pois, impacta diretamente:<\/p>\n\n\n\n<h3 class=\"wp-block-heading\">Consist\u00eancia de marca<\/h3>\n\n\n\n<p>Sua <strong>comunica\u00e7\u00e3o <\/strong>deixa de depender de \u201cquem est\u00e1 escrevendo\u201d.<\/p>\n\n\n\n<h3 class=\"wp-block-heading\">Reconhecimento e lembran\u00e7a<\/h3>\n\n\n\n<p>Marcas com personalidade clara s\u00e3o <strong>mais lembradas.<\/strong><\/p>\n\n\n\n<h3 class=\"wp-block-heading\">Engajamento e conex\u00e3o emocional<\/h3>\n\n\n\n<p>Pessoas se conectam com pessoas (e com marcas que parecem pessoas).<\/p>\n\n\n\n<h3 class=\"wp-block-heading\">Padroniza\u00e7\u00e3o e profissionalismo<\/h3>\n\n\n\n<p>Fortalece o <strong>alinhamento <\/strong>e evita inconsist\u00eancias.<\/p>\n\n\n\n<h3 class=\"wp-block-heading\">Diferencia\u00e7\u00e3o competitiva<\/h3>\n\n\n\n<p>Ajuda a marca a se destacar, <strong>mesmo em mercados saturados.<\/strong><\/p>\n\n\n\n<h2 id='brand-persona-x-buyer-persona-x-icp-diferencas-essenciais'>Brand Persona x Buyer Persona x ICP (Diferen\u00e7as essenciais)<\/h2>\n\n\n\n<div class=\"wp-block-table has-small-font-size\">\n  <table class=\"has-fixed-layout\">\n    <thead class=\"custom-bg-orange\">\n      <tr>\n        <th class=\"has-text-align-center text-white lh-base align-middle py-4\" data-align=\"center\"><strong>Conceito<\/strong><\/th>\n        <th class=\"has-text-align-center text-white lh-base align-middle py-4\" data-align=\"center\"><strong>O que \u00e9<\/strong><\/th>\n        <th class=\"has-text-align-center text-white lh-base align-middle py-4\" data-align=\"center\"><strong>Finalidade<\/strong><\/th>\n      <\/tr>\n    <\/thead>\n    <tbody>\n      <tr>\n        <td class=\"align-middle\"><strong>Brand Persona<\/strong><\/td>\n        <td class=\"align-middle\">Identidade e personalidade da marca<\/td>\n        <td class=\"align-middle\">Comunica\u00e7\u00e3o e branding<\/td>\n      <\/tr>\n      <tr>\n        <td class=\"align-middle\"><strong>Buyer Persona<\/strong><\/td>\n        <td class=\"align-middle\">Representa\u00e7\u00e3o do cliente ideal<\/td>\n        <td class=\"align-middle\">Marketing e vendas<\/td>\n      <\/tr>\n      <tr>\n        <td class=\"align-middle\"><strong>ICP<\/strong><\/td>\n        <td class=\"align-middle\">Perfil ideal de cliente<\/td>\n        <td class=\"align-middle\">Prospec\u00e7\u00e3o, segmenta\u00e7\u00e3o e defini\u00e7\u00e3o de p\u00fablico<\/td>\n      <\/tr>\n    <\/tbody>\n  <\/table>\n<\/div>\n\n\n\n<div style=\"height:20px\" aria-hidden=\"true\" class=\"wp-block-spacer\"><\/div>\n\n\n\n<p>Confundir os tr\u00eas \u00e9 um <strong>erro comum<\/strong>, mas compromete toda a <strong>estrat\u00e9gia de comunica\u00e7\u00e3o <\/strong>e posicionamento. Portanto, \u00e9 necess\u00e1rio ter <strong>aten\u00e7\u00e3o<\/strong>.<\/p>\n\n\n\n<h2 id='elementos-essenciais-de-uma-brand-persona-completa'>Elementos essenciais de uma Brand Persona completa<\/h2>\n\n\n\n<p>Para ser \u00fatil, na pr\u00e1tica, a <strong>Brand Persona<\/strong> precisa conter elementos <strong>claros <\/strong>e <strong>estruturados<\/strong>:<\/p>\n\n\n\n<h3 class=\"wp-block-heading\">1. Ess\u00eancia da marca<\/h3>\n\n\n\n<p>\u00c9 o <strong>n\u00facleo emocional<\/strong> que guia decis\u00f5es e comportamentos.<\/p>\n\n\n\n<h3 class=\"wp-block-heading\">2. Miss\u00e3o<\/h3>\n\n\n\n<p>O <strong>\u201cporqu\u00ea\u201d<\/strong> da marca existir. Em outras palavras, \u00e9 o <strong>prop\u00f3sito principal<\/strong> pela exist\u00eancia do neg\u00f3cio.<\/p>\n\n\n\n<p>De maneira resumida, responde \u00e0s seguintes d\u00favidas:<\/p>\n\n\n\n<ul class=\"wp-block-list\">\n<li><strong>Por que<\/strong> ela existe;<\/li>\n\n\n\n<li><strong>Qual <\/strong>problema resolve;<\/li>\n\n\n\n<li>E <strong>como <\/strong>ela planeja servir o p\u00fablico-alvo.<\/li>\n<\/ul>\n\n\n\n<h3 class=\"wp-block-heading\">3. Valores<\/h3>\n\n\n\n<p>Se classificam como as <strong>cren\u00e7as <\/strong>e <strong>princ\u00edpios <\/strong>fundamentais que guiam a <strong>cultura <\/strong>e <strong>comportamento <\/strong>de uma empresa.<\/p>\n\n\n\n<p>Ou seja, define como ser\u00e1 o relacionamento com o <strong>cliente<\/strong>, <strong>colaboradores <\/strong>e o <strong>mercado<\/strong>, permitindo criar assim uma<strong> identidade de marca.<\/strong><\/p>\n\n\n\n<h3 class=\"wp-block-heading\">4. Promessa<\/h3>\n\n\n\n<p>A <strong>promessa da marca<\/strong> \u00e9 o <strong>valor<\/strong>, <strong>benef\u00edcio <\/strong>ou <strong>experi\u00eancia <\/strong>que o cliente pode esperar ao interagir com a empresa.&nbsp;<\/p>\n\n\n\n<p>Assim sendo, ela funciona como um <strong>compromisso <\/strong>que orienta decis\u00f5es, comportamento e comunica\u00e7\u00e3o, fortalecendo a confian\u00e7a do p\u00fablico.<\/p>\n\n\n\n<h3 class=\"wp-block-heading\">5. Pilares da marca<\/h3>\n\n\n\n<p>Os <strong>pilares da marca<\/strong> sustentam toda a identidade da Brand Persona.&nbsp;<\/p>\n\n\n\n<p>Eles orientam decis\u00f5es, direcionam a comunica\u00e7\u00e3o e garantem coer\u00eancia em cada ponto de contato. Al\u00e9m disso, funcionam como uma estrutura estrat\u00e9gica que fortalece a percep\u00e7\u00e3o da marca ao longo do tempo.<\/p>\n\n\n\n<p>A seguir, veja os <strong>componentes essenciais dos pilares <\/strong>e como cada um influencia a constru\u00e7\u00e3o da Brand Persona:<\/p>\n\n\n\n<h4 class=\"wp-block-heading\">Prop\u00f3sito<\/h4>\n\n\n\n<p>O prop\u00f3sito explica por que a marca existe e qual impacto deseja gerar. Ele guia escolhas, inspira a\u00e7\u00f5es e cria sentido para clientes e equipes.<\/p>\n\n\n\n<h4 class=\"wp-block-heading\">Posicionamento<\/h4>\n\n\n\n<p>O posicionamento mostra <strong>como a marca se diferencia no mercado.<\/strong> Ele define o espa\u00e7o que ela ocupa na mente do consumidor e orienta sua estrat\u00e9gia competitiva.<\/p>\n\n\n\n<h4 class=\"wp-block-heading\">Personalidade<\/h4>\n\n\n\n<p>A personalidade traduz como a marca se expressa. Ela inclui o tom de voz, o estilo de comunica\u00e7\u00e3o e as caracter\u00edsticas humanas que d\u00e3o vida \u00e0 Brand Persona.<\/p>\n\n\n\n<h4 class=\"wp-block-heading\">Percep\u00e7\u00e3o<\/h4>\n\n\n\n<p>A percep\u00e7\u00e3o representa como o p\u00fablico v\u00ea a marca. Ela reflete as experi\u00eancias do cliente e influencia diretamente sua confian\u00e7a e prefer\u00eancia.<\/p>\n\n\n\n<h4 class=\"wp-block-heading\">Promo\u00e7\u00e3o<\/h4>\n\n\n\n<p>A promo\u00e7\u00e3o define como a marca comunica suas mensagens. Ela envolve os canais utilizados, o tipo de conte\u00fado produzido e a forma como a Brand Persona se apresenta ao mercado.<\/p>\n\n\n\n<p>Esse conjunto de pilares cria a base para uma Brand Persona consistente, clara e alinhada \u00e0 estrat\u00e9gia da empresa.<\/p>\n\n\n\n<figure class=\"wp-block-image size-full\"><img decoding=\"async\" width=\"728\" height=\"728\" src=\"https:\/\/webmaissistemas.com.br\/blog\/app\/uploads\/2023\/09\/Identidade-da-Brand-Persona.webp\" alt=\"Identidade da Brand Persona\" class=\"wp-image-23783\" srcset=\"https:\/\/webmaissistemas.com.br\/blog\/app\/uploads\/2023\/09\/Identidade-da-Brand-Persona.webp 728w, https:\/\/webmaissistemas.com.br\/blog\/app\/uploads\/2023\/09\/Identidade-da-Brand-Persona-500x500.webp 500w, https:\/\/webmaissistemas.com.br\/blog\/app\/uploads\/2023\/09\/Identidade-da-Brand-Persona-350x350.webp 350w\" sizes=\"(max-width: 728px) 100vw, 728px\" \/><\/figure>\n\n\n\n<div style=\"height:20px\" aria-hidden=\"true\" class=\"wp-block-spacer\"><\/div>\n\n\n\n<h3 class=\"wp-block-heading\">6. Personalidade da marca\u00a0<\/h3>\n\n\n\n<p>Conforme o <strong>modelo de Jennifer Aaker<\/strong>, uma das metodologias mais usadas no mundo, ela consiste em uma estrutura de <strong>cinco dimens\u00f5es<\/strong> para medir a personalidade de uma marca:<\/p>\n\n\n\n<ul class=\"wp-block-list\">\n<li><strong>Sinceridade<\/strong>: qualidades como honestidade, autenticidade, coragem e bom senso;<\/li>\n\n\n\n<li><strong>Excita\u00e7\u00e3o<\/strong>: resume o lado jovem da marca, como ousadia, energia e inspira\u00e7\u00e3o;<\/li>\n\n\n\n<li><strong>Compet\u00eancia<\/strong>: tra\u00e7os que indicam confiabilidade, responsabilidade e sucesso;<\/li>\n\n\n\n<li><strong>Sofistica\u00e7\u00e3o<\/strong>: indica\u00e7\u00e3o de posi\u00e7\u00e3o social, onde a personalidade apresenta tra\u00e7os de eleg\u00e2ncia e glamour;<\/li>\n\n\n\n<li><strong>Robustez<\/strong>: tra\u00e7os de resist\u00eancia e coragem, ou seja, o quanto \u00e9 forte e resistente.<\/li>\n<\/ul>\n\n\n\n<h3 class=\"wp-block-heading\">7. Tom de voz<\/h3>\n\n\n\n<p>O <strong>tom de voz<\/strong> mostra como a marca <strong>fala <\/strong>e <strong>se expressa <\/strong>em qualquer canal. Ele traduz a personalidade definida na <strong>Brand Persona<\/strong> e refor\u00e7a seus valores, sua miss\u00e3o e seu posicionamento.<\/p>\n\n\n\n<p>Al\u00e9m disso, o tom de voz orienta escolhas de palavras, ritmo das frases e n\u00edvel de formalidade. Dessa forma, a comunica\u00e7\u00e3o fica consistente e cria uma conex\u00e3o clara com o p\u00fablico.<\/p>\n\n\n\n<p>Quando o tom de voz \u00e9 aplicado corretamente, ele fortalece a identidade da Brand Persona e torna a marca reconhecida mesmo antes da assinatura.<\/p>\n\n\n\n<h3 class=\"wp-block-heading\">8. Linguagem<\/h3>\n\n\n\n<p>A <strong>linguagem da marca<\/strong> re\u00fane as escolhas de palavras, express\u00f5es e o n\u00edvel de formalidade usados na comunica\u00e7\u00e3o. Ela <strong>traduz a personalidade definida na Brand Persona <\/strong>e refor\u00e7a os valores que orientam a marca.<\/p>\n\n\n\n<p>Al\u00e9m disso, a linguagem inclui elementos visuais, como cores e tipografia, que apoiam o estilo verbal. Dessa forma, a comunica\u00e7\u00e3o se mant\u00e9m clara, coerente e alinhada em todos os pontos de contato.<\/p>\n\n\n\n<p>Quando a linguagem \u00e9 aplicada com consist\u00eancia, ela cria reconhecimento imediato e fortalece a confian\u00e7a do p\u00fablico.<\/p>\n\n\n\n<h3 class=\"wp-block-heading\">9. Comportamento da marca<\/h3>\n\n\n\n<p>O <strong>comportamento da marca<\/strong> mostra como a empresa <strong>age <\/strong>e <strong>se posiciona <\/strong>em cada intera\u00e7\u00e3o.<\/p>\n\n\n\n<p>Ele reflete a Brand Persona, na pr\u00e1tica, pois traduz <strong>valores<\/strong>, <strong>prop\u00f3sito <\/strong>e <strong>personalidade <\/strong>em a\u00e7\u00f5es observ\u00e1veis pelo p\u00fablico.<\/p>\n\n\n\n<p>Al\u00e9m disso, o comportamento envolve a postura, a atitude e a forma de responder aos clientes. Dessa maneira, ele refor\u00e7a a <strong>credibilidade da marca <\/strong>e cria rela\u00e7\u00f5es baseadas em <strong>confian\u00e7a <\/strong>e <strong>consist\u00eancia<\/strong>.<\/p>\n\n\n\n<p>Quando o comportamento se mant\u00e9m alinhado \u00e0 <strong>Brand Persona<\/strong>, a marca se diferencia com mais clareza e fortalece sua presen\u00e7a no mercado.<\/p>\n\n\n\n<h3 class=\"wp-block-heading\">10. Rea\u00e7\u00e3o em crises<\/h3>\n\n\n\n<p>A <strong>rea\u00e7\u00e3o em crises<\/strong> mostra como a marca age em situa\u00e7\u00f5es sens\u00edveis que podem afetar sua reputa\u00e7\u00e3o.&nbsp;<\/p>\n\n\n\n<p>Ela traduz a Brand Persona em escolhas r\u00e1pidas e coerentes, garantindo que a comunica\u00e7\u00e3o permane\u00e7a alinhada aos valores da empresa.<\/p>\n\n\n\n<p>Al\u00e9m disso, a rea\u00e7\u00e3o define como a marca responde ao p\u00fablico, corrige falhas e controla a narrativa. Dessa forma, ela reduz danos, preserva a confian\u00e7a e refor\u00e7a a credibilidade <strong>mesmo diante de imprevistos.<\/strong><\/p>\n\n\n\n<p>Quando a postura adotada segue a Brand Persona, a marca demonstra maturidade e mant\u00e9m sua identidade, independentemente do cen\u00e1rio.<\/p>\n\n\n\n<h3 class=\"wp-block-heading\">11. Bord\u00f5es e express\u00f5es<\/h3>\n\n\n\n<p>Os <strong>bord\u00f5es e express\u00f5es<\/strong> representam <strong>palavras e frases<\/strong> que refor\u00e7am o estilo da Brand Persona. Eles auxiliam a marca a se comunicar de forma \u00fanica e a criar identifica\u00e7\u00e3o imediata com o p\u00fablico.<\/p>\n\n\n\n<p>Al\u00e9m disso, esses elementos fortalecem a identidade da marca porque mant\u00eam a linguagem consistente em campanhas, conte\u00fados e intera\u00e7\u00f5es.&nbsp;<\/p>\n\n\n\n<p>Dessa maneira, eles facilitam o reconhecimento e diferenciam a marca no mercado.<\/p>\n\n\n\n<p>Quando os bord\u00f5es s\u00e3o usados com clareza e alinhamento \u00e0 Brand Persona, eles criam familiaridade e aumentam a conex\u00e3o com o consumidor.<\/p>\n\n\n\n<h3 class=\"wp-block-heading\">12. Identidade visual associada<\/h3>\n\n\n\n<p>A <strong>identidade visual associada<\/strong> re\u00fane cores, formas e elementos que refor\u00e7am a personalidade definida na <strong>Brand Persona<\/strong>. Ela traduz a ess\u00eancia da marca imediatamente e facilita o reconhecimento pelo p\u00fablico.<\/p>\n\n\n\n<p>Al\u00e9m disso, a identidade visual comunica <strong>valores <\/strong>e <strong>posicionamento <\/strong>mesmo antes de qualquer palavra. Dessa forma, ela apoia a consist\u00eancia da comunica\u00e7\u00e3o e mant\u00e9m a experi\u00eancia alinhada em todos os pontos de contato.<\/p>\n\n\n\n<p>Quando esses elementos s\u00e3o aplicados com clareza e regularidade, a marca se torna mais memor\u00e1vel e fortalece sua presen\u00e7a no mercado.<\/p>\n\n\n\n<h2 id='tipos-de-brand-persona'>Tipos de Brand Persona<\/h2>\n\n\n\n<h3 class=\"wp-block-heading\">1. Persona Instrutiva<\/h3>\n\n\n\n<p>Did\u00e1tica, clara, confi\u00e1vel.<\/p>\n\n\n\n<h3 class=\"wp-block-heading\">2. Persona Inspiradora<\/h3>\n\n\n\n<p>Focada em motiva\u00e7\u00e3o, supera\u00e7\u00e3o e prop\u00f3sito.<\/p>\n\n\n\n<h3 class=\"wp-block-heading\">3. Persona Divertida<\/h3>\n\n\n\n<p>Descontra\u00edda, leve e pr\u00f3xima do p\u00fablico.<\/p>\n\n\n\n<h3 class=\"wp-block-heading\">4. Persona Minimalista<\/h3>\n\n\n\n<p>Elegante, objetiva, madura.<\/p>\n\n\n\n<h3 class=\"wp-block-heading\">5. Persona Engajada<\/h3>\n\n\n\n<p>Sustent\u00e1vel, ativista, defensora de causas.<\/p>\n\n\n\n<h3 class=\"wp-block-heading\">6. Persona Especialista<\/h3>\n\n\n\n<p>T\u00e9cnica, anal\u00edtica, orientada por dados.<\/p>\n\n\n\n<p>Sua marca pode combinar <strong>duas ou tr\u00eas.<\/strong><\/p>\n\n\n\n<h2 id='como-criar-uma-brand-persona-passo-a-passo-completo'>Como criar uma Brand Persona (passo a passo completo)<\/h2>\n\n\n\n<p>Criar uma <strong>Brand Persona<\/strong> exige m\u00e9todo, clareza e an\u00e1lise.&nbsp;<\/p>\n\n\n\n<p>Por isso, o processo deve unir fundamentos da marca, estudo do p\u00fablico e <a href=\"https:\/\/webmaissistemas.com.br\/blog\/decisoes-estrategicas\/\" target=\"_blank\" rel=\"noreferrer noopener\"><strong>decis\u00f5es estrat\u00e9gicas<\/strong><\/a> sobre personalidade e comunica\u00e7\u00e3o. Al\u00e9m disso, cada etapa precisa ser documentada para garantir consist\u00eancia em todos os canais.<\/p>\n\n\n\n<p>A seguir, veja um <strong>passo a passo completo<\/strong> para construir uma <strong>Brand Persona<\/strong> s\u00f3lida e aplic\u00e1vel.<\/p>\n\n\n\n<h3 class=\"wp-block-heading\">1. Fa\u00e7a uma pesquisa profunda sobre o p\u00fablico<\/h3>\n\n\n\n<p>Para come\u00e7ar,<strong> analise quem realmente consome sua marca.<\/strong>&nbsp;<\/p>\n\n\n\n<p>Estude <strong>perfil demogr\u00e1fico<\/strong>, <strong>comportamentos<\/strong>, <strong>interesses <\/strong>e <strong>dores do p\u00fablico<\/strong>. Al\u00e9m disso, avalie h\u00e1bitos de compra e canais preferidos, pois esses dados orientam como a Brand Persona deve se comunicar.<\/p>\n\n\n\n<h3 class=\"wp-block-heading\">2. Analise concorrentes e marcas refer\u00eancia<\/h3>\n\n\n\n<p>Observe como <strong>outras marcas se posicionam<\/strong> e <strong>se comunicam<\/strong>. Avalie for\u00e7as, fraquezas e estilos de linguagem. Em seguida, identifique oportunidades para diferenciar sua Brand Persona e construir um posicionamento \u00fanico no mercado.<\/p>\n\n\n\n<h3 class=\"wp-block-heading\">3. Defina a ess\u00eancia e os valores da marca<\/h3>\n\n\n\n<p>Com base nos dados, estabele\u00e7a o que a marca representa.&nbsp;<\/p>\n\n\n\n<p>Pergunte: <strong>\u201cSe minha marca fosse uma pessoa, como ela seria?\u201d<\/strong>&nbsp;<\/p>\n\n\n\n<p>Essa reflex\u00e3o ajuda a definir <strong>prop\u00f3sito<\/strong>, <strong>valores <\/strong>e <strong>miss\u00e3o<\/strong>, que servir\u00e3o como base para a Brand Persona.<\/p>\n\n\n\n<h3 class=\"wp-block-heading\">4. Escolha a personalidade usando o modelo de Aaker<\/h3>\n\n\n\n<p>O <strong>modelo de Aaker<\/strong> organiza a personalidade da marca em dimens\u00f5es claras. Portanto, escolha at\u00e9 <strong>tr\u00eas <\/strong>que representem sua ess\u00eancia. Essa sele\u00e7\u00e3o facilita a cria\u00e7\u00e3o de uma Brand Persona coerente e f\u00e1cil de aplicar no dia a dia.<\/p>\n\n\n\n<h3 class=\"wp-block-heading\">5. Estruture o tom de voz<\/h3>\n\n\n\n<p>Defina como a marca <strong>fala <\/strong>e <strong>se expressa<\/strong>.<\/p>\n\n\n\n<p>Para isso, determine se a comunica\u00e7\u00e3o \u00e9 <strong>formal <\/strong>ou <strong>informal<\/strong>, <strong>direta <\/strong>ou <strong>detalhada<\/strong>, <strong>emocional <\/strong>ou <strong>racional<\/strong>. Al\u00e9m disso, avalie se o uso de humor faz sentido para a Brand Persona e para o p\u00fablico.<\/p>\n\n\n\n<h3 class=\"wp-block-heading\">6. Construa comportamentos claros da marca<\/h3>\n\n\n\n<p>Estabele\u00e7a <strong>como a marca reage <\/strong>a elogios, cr\u00edticas e situa\u00e7\u00f5es sens\u00edveis. Dessa maneira, o comportamento fica alinhado \u00e0 Brand Persona e orienta atendimentos, campanhas e posturas adotadas em diferentes contextos.<\/p>\n\n\n\n<h3 class=\"wp-block-heading\">7. Documente tudo em um modelo<\/h3>\n\n\n\n<p>Registre todos os elementos definidos em um <strong>guia simples e acess\u00edvel.&nbsp;<\/strong><\/p>\n\n\n\n<p>Esse documento deve orientar marketing, vendas, atendimento e qualquer \u00e1rea que se comunique com o p\u00fablico. Al\u00e9m disso, ele permite manter uma comunica\u00e7\u00e3o consistente ao longo do tempo.<\/p>\n\n\n\n<h3 class=\"wp-block-heading\">8. Valide com o time<\/h3>\n\n\n\n<p>Compartilhe a Brand Persona com os times envolvidos e teste sua aplica\u00e7\u00e3o.&nbsp;Em seguida, ajuste detalhes conforme feedback e pr\u00e1ticas reais. Esse alinhamento garante que a <strong>Brand Persona<\/strong> funcione na rotina da empresa e gere resultados concretos.<\/p>\n\n\n\n<figure class=\"wp-block-image size-large\"><img decoding=\"async\" width=\"1110\" height=\"663\" src=\"https:\/\/webmaissistemas.com.br\/blog\/app\/uploads\/2023\/09\/Como-criar-uma-Brand-Persona-1110x663.webp\" alt=\"Como criar uma Brand Persona\" class=\"wp-image-23784\" srcset=\"https:\/\/webmaissistemas.com.br\/blog\/app\/uploads\/2023\/09\/Como-criar-uma-Brand-Persona-1110x663.webp 1110w, https:\/\/webmaissistemas.com.br\/blog\/app\/uploads\/2023\/09\/Como-criar-uma-Brand-Persona-728x435.webp 728w, https:\/\/webmaissistemas.com.br\/blog\/app\/uploads\/2023\/09\/Como-criar-uma-Brand-Persona-350x209.webp 350w, https:\/\/webmaissistemas.com.br\/blog\/app\/uploads\/2023\/09\/Como-criar-uma-Brand-Persona-768x459.webp 768w, https:\/\/webmaissistemas.com.br\/blog\/app\/uploads\/2023\/09\/Como-criar-uma-Brand-Persona.webp 1172w\" sizes=\"(max-width: 1110px) 100vw, 1110px\" \/><\/figure>\n\n\n\n<div style=\"height:20px\" aria-hidden=\"true\" class=\"wp-block-spacer\"><\/div>\n\n\n\n<h2 id='exemplos-de-brand-personas-de-grandes-marcas'>Exemplos de Brand Personas de grandes marcas<\/h2>\n\n\n\n<h3 class=\"wp-block-heading\">Apple: minimalista e inovadora<\/h3>\n\n\n\n<p>Simples, objetiva, elegante e tecnol\u00f3gica.<\/p>\n\n\n\n<h3 class=\"wp-block-heading\">Nike: o atleta motivador<\/h3>\n\n\n\n<p>Inspira\u00e7\u00e3o, for\u00e7a e supera\u00e7\u00e3o.<\/p>\n\n\n\n<h3 class=\"wp-block-heading\">Coca-Cola: otimismo e felicidade<\/h3>\n\n\n\n<p>Voltada para emo\u00e7\u00e3o e conex\u00e3o humana.<\/p>\n\n\n\n<h3 class=\"wp-block-heading\">Nubank: transpar\u00eancia e simplicidade<\/h3>\n\n\n\n<p>Direta, humana e acolhedora.<\/p>\n\n\n\n<h3 class=\"wp-block-heading\">Netflix: antenada e descontra\u00edda<\/h3>\n\n\n\n<p>Jovem, divertida e adapt\u00e1vel.<\/p>\n\n\n\n<h3 class=\"wp-block-heading\">Patagonia: sustent\u00e1vel e engajada<\/h3>\n\n\n\n<p>Focada em prop\u00f3sito e causas sociais.<\/p>\n\n\n\n<h3 class=\"wp-block-heading\">Magalu: moderna e pr\u00f3xima<\/h3>\n\n\n\n<p>Afetuosa, pr\u00e1tica e humana.<\/p>\n\n\n\n<h2 id='brand-persona-percebida-vs-brand-persona-desejada'>Brand Persona percebida vs. Brand Persona desejada<\/h2>\n\n\n\n<p>A <strong>Brand Persona percebida<\/strong> mostra <strong>como o p\u00fablico enxerga a marca<\/strong> com base em experi\u00eancias reais.&nbsp;<\/p>\n\n\n\n<p>Ela reflete intera\u00e7\u00f5es, mensagens e atitudes que o consumidor observa no dia a dia. Al\u00e9m disso, revela se a marca transmite a personalidade que pretende comunicar.<\/p>\n\n\n\n<figure class=\"wp-block-image size-full\"><img decoding=\"async\" width=\"728\" height=\"575\" src=\"https:\/\/webmaissistemas.com.br\/blog\/app\/uploads\/2023\/09\/Brand-Persona-percebida-e-Brand-Persona-desejada.webp\" alt=\"Brand Persona percebida e Brand Persona desejada\" class=\"wp-image-23785\" srcset=\"https:\/\/webmaissistemas.com.br\/blog\/app\/uploads\/2023\/09\/Brand-Persona-percebida-e-Brand-Persona-desejada.webp 728w, https:\/\/webmaissistemas.com.br\/blog\/app\/uploads\/2023\/09\/Brand-Persona-percebida-e-Brand-Persona-desejada-633x500.webp 633w, https:\/\/webmaissistemas.com.br\/blog\/app\/uploads\/2023\/09\/Brand-Persona-percebida-e-Brand-Persona-desejada-350x276.webp 350w\" sizes=\"(max-width: 728px) 100vw, 728px\" \/><\/figure>\n\n\n\n<div style=\"height:20px\" aria-hidden=\"true\" class=\"wp-block-spacer\"><\/div>\n\n\n\n<p>J\u00e1 a <strong>Brand Persona desejada<\/strong> representa<strong> como a empresa quer ser vista.<\/strong> Ela traduz a identidade ideal, alinhada ao prop\u00f3sito, aos valores e ao posicionamento da marca.&nbsp;<\/p>\n\n\n\n<p>Dessa forma, funciona como um <strong>norte estrat\u00e9gico<\/strong> para orientar toda a comunica\u00e7\u00e3o.<\/p>\n\n\n\n<p>Quando existe dist\u00e2ncia entre a Brand Persona percebida e a desejada, a empresa precisa ajustar mensagens, comportamentos e pr\u00e1ticas. Assim, a comunica\u00e7\u00e3o se torna consistente e fortalece a identidade que a marca quer consolidar.<\/p>\n\n\n\n<div class=\"wp-block-table has-small-font-size\">\n  <table class=\"has-fixed-layout\">\n    <thead class=\"custom-bg-orange\">\n      <tr>\n        <th class=\"has-text-align-center text-white lh-base align-middle py-4\" data-align=\"center\"><strong>Aspecto<\/strong><\/th>\n        <th class=\"has-text-align-center text-white lh-base align-middle py-4\" data-align=\"center\"><strong>Brand Persona Percebida<\/strong><\/th>\n        <th class=\"has-text-align-center text-white lh-base align-middle py-4\" data-align=\"center\"><strong>Brand Persona Desejada<\/strong><\/th>\n      <\/tr>\n    <\/thead>\n    <tbody>\n      <tr>\n        <td class=\"align-middle\">Defini\u00e7\u00e3o<\/td>\n        <td class=\"align-middle\">Como o p\u00fablico v\u00ea a marca hoje<\/td>\n        <td class=\"align-middle\">Como a marca quer ser vista<\/td>\n      <\/tr>\n      <tr>\n        <td class=\"align-middle\">Origem<\/td>\n        <td class=\"align-middle\">Experi\u00eancias reais do consumidor<\/td>\n        <td class=\"align-middle\">Estrat\u00e9gia e inten\u00e7\u00e3o da empresa<\/td>\n      <\/tr>\n      <tr>\n        <td class=\"align-middle\">Influ\u00eancia<\/td>\n        <td class=\"align-middle\">Resulta de intera\u00e7\u00f5es, atendimento e comunica\u00e7\u00e3o di\u00e1ria<\/td>\n        <td class=\"align-middle\">Reflete prop\u00f3sito, valores e posicionamento<\/td>\n      <\/tr>\n      <tr>\n        <td class=\"align-middle\">Controle<\/td>\n        <td class=\"align-middle\">A marca influencia, mas n\u00e3o controla totalmente<\/td>\n        <td class=\"align-middle\">A empresa define e direciona<\/td>\n      <\/tr>\n      <tr>\n        <td class=\"align-middle\">Impacto<\/td>\n        <td class=\"align-middle\">Indica a imagem atual no mercado<\/td>\n        <td class=\"align-middle\">Define o futuro da identidade da marca<\/td>\n      <\/tr>\n      <tr>\n        <td class=\"align-middle\">A\u00e7\u00e3o necess\u00e1ria<\/td>\n        <td class=\"align-middle\">Ajustar pr\u00e1ticas e mensagens quando h\u00e1 incompatibilidade<\/td>\n        <td class=\"align-middle\">Guiar comunica\u00e7\u00e3o para manter coer\u00eancia<\/td>\n      <\/tr>\n    <\/tbody>\n  <\/table>\n<\/div>\n\n\n\n<div style=\"height:20px\" aria-hidden=\"true\" class=\"wp-block-spacer\"><\/div>\n\n\n\n<h2 id='como-documentar-sua-brand-persona-manual-de-identidade-comportamental'>Como documentar sua Brand Persona (Manual de Identidade Comportamental)<\/h2>\n\n\n\n<p>Documentar a <strong>Brand Persona<\/strong> garante que toda a comunica\u00e7\u00e3o siga um padr\u00e3o claro e consistente. Al\u00e9m disso, esse registro orienta equipes diferentes e evita interpreta\u00e7\u00f5es que possam distorcer a identidade da marca.<\/p>\n\n\n\n<p>Para come\u00e7ar, organize as informa\u00e7\u00f5es essenciais em um <strong>\u00fanico documento<\/strong>.&nbsp;<\/p>\n\n\n\n<p>Em seguida, descreva os elementos que definem quem a marca \u00e9 e como ela deve se comunicar. Assim, o guia se torna uma refer\u00eancia pr\u00e1tica para qualquer \u00e1rea que interaja com o p\u00fablico.<\/p>\n\n\n\n<p>Use o documento para registrar orienta\u00e7\u00f5es detalhadas. Dessa forma, voc\u00ea mant\u00e9m alinhamento interno e refor\u00e7a a Brand Persona em todos os pontos de contato.<\/p>\n\n\n\n<h3 class=\"wp-block-heading\">Elementos que devem compor a documenta\u00e7\u00e3o da Brand Persona<\/h3>\n\n\n\n<ul class=\"wp-block-list\">\n<li><strong>Identidade da marca:<\/strong> prop\u00f3sito, valores e ess\u00eancia<\/li>\n\n\n\n<li><strong>Personalidade<\/strong>: tra\u00e7os definidos e dimens\u00f5es que sustentam o estilo da marca<\/li>\n\n\n\n<li><strong>Tom de voz:<\/strong> n\u00edvel de formalidade, ritmo e abordagem<\/li>\n\n\n\n<li><strong>Linguagem<\/strong>: vocabul\u00e1rio preferido, express\u00f5es e termos que devem ser usados<\/li>\n\n\n\n<li><strong>Exemplos de frases<\/strong>: modelos de mensagens e respostas que seguem a Brand Persona<\/li>\n\n\n\n<li><strong>Identidade visual associada<\/strong>: cores, fotos e elementos que refor\u00e7am a personalidade<\/li>\n\n\n\n<li><strong>Palavras proibidas<\/strong>: termos a evitar para manter clareza e coer\u00eancia<\/li>\n\n\n\n<li><strong>Regras para redes sociais<\/strong>: boas pr\u00e1ticas de resposta, intera\u00e7\u00e3o e postura da marca<\/li>\n\n\n\n<li><strong>Guia para crises<\/strong>: orienta\u00e7\u00f5es de posicionamento para situa\u00e7\u00f5es sens\u00edveis<\/li>\n<\/ul>\n\n\n\n<h2 id='como-revisar-e-atualizar-sua-brand-persona'>Como revisar e atualizar sua Brand Persona<\/h2>\n\n\n\n<p>A Brand Persona deve ser revisada a cada <strong>12 a 24 meses<\/strong>, ou quando:<\/p>\n\n\n\n<ul class=\"wp-block-list\">\n<li>A <strong>marca <\/strong>mudar<\/li>\n\n\n\n<li>O <strong>p\u00fablico <\/strong>mudar<\/li>\n\n\n\n<li>Surgirem <strong>novos canais<\/strong><\/li>\n\n\n\n<li>A comunica\u00e7\u00e3o ficar <strong>inconsistente<\/strong><\/li>\n<\/ul>\n\n\n\n<h2 id='aplicando-a-brand-persona'>Aplicando a Brand Persona<\/h2>\n\n\n\n<h3 class=\"wp-block-heading\">1. Redes sociais<\/h3>\n\n\n\n<p>Posts, coment\u00e1rios e estilo de resposta.<\/p>\n\n\n\n<h3 class=\"wp-block-heading\">2. Atendimento ao cliente<\/h3>\n\n\n\n<p>Scripts, mensagens e postura.<\/p>\n\n\n\n<h3 class=\"wp-block-heading\">3. Produ\u00e7\u00e3o de conte\u00fado<\/h3>\n\n\n\n<p>Artigos, v\u00eddeos, e-books, descri\u00e7\u00f5es.<\/p>\n\n\n\n<h3 class=\"wp-block-heading\">4. Comunica\u00e7\u00e3o interna<\/h3>\n\n\n\n<p>Cultura e alinhamento organizacional.<\/p>\n\n\n\n<h3 class=\"wp-block-heading\">5. Vendas<\/h3>\n\n\n\n<p>Abordagem comercial.<\/p>\n\n\n\n<h3 class=\"wp-block-heading\">6. UX\/UI<\/h3>\n\n\n\n<p>Design, microtextos e navega\u00e7\u00e3o.<\/p>\n\n\n\n<h3 class=\"wp-block-heading\">7. Employer Branding<\/h3>\n\n\n\n<p>Atra\u00e7\u00e3o e reten\u00e7\u00e3o de talentos.<\/p>\n\n\n\n<figure class=\"wp-block-image size-full\"><img decoding=\"async\" width=\"728\" height=\"700\" src=\"https:\/\/webmaissistemas.com.br\/blog\/app\/uploads\/2023\/09\/Aplicando-a-Brand-Persona.webp\" alt=\"Aplicando a Brand Persona\" class=\"wp-image-23786\" srcset=\"https:\/\/webmaissistemas.com.br\/blog\/app\/uploads\/2023\/09\/Aplicando-a-Brand-Persona.webp 728w, https:\/\/webmaissistemas.com.br\/blog\/app\/uploads\/2023\/09\/Aplicando-a-Brand-Persona-520x500.webp 520w, https:\/\/webmaissistemas.com.br\/blog\/app\/uploads\/2023\/09\/Aplicando-a-Brand-Persona-350x337.webp 350w\" sizes=\"(max-width: 728px) 100vw, 728px\" \/><\/figure>\n\n\n\n<h2 id='conclusao'>Conclus\u00e3o<\/h2>\n\n\n\n<p>Podemos concluir, que a <strong>Brand Persona<\/strong> \u00e9 a base da <strong>identidade comportamental <\/strong>de uma marca.&nbsp;<\/p>\n\n\n\n<p>Pois, <strong>sem ela<\/strong>, \u00e9 imposs\u00edvel ter consist\u00eancia, construir confian\u00e7a ou gerar conex\u00e3o real com o p\u00fablico.&nbsp;<\/p>\n\n\n\n<p>Sendo assim, com uma <strong>Brand Persona bem estruturada<\/strong>, sua empresa comunica melhor, toma decis\u00f5es mais r\u00e1pidas e fortalece seu posicionamento.<\/p>\n\n\n\n<p>E, para garantir que essa comunica\u00e7\u00e3o seja executada com efici\u00eancia em todos os processos da empresa, <strong>conte com o ERP WebMais<\/strong>!<\/p>\n\n\n\n<p>O <strong>ERP WebMais<\/strong> integra setores, padroniza fluxos e ajuda a manter a identidade da marca alinhada \u00e0 opera\u00e7\u00e3o.<\/p>\n\n\n\n<p><a href=\"https:\/\/webmaissistemas.com.br\/contato\/\" target=\"_blank\" rel=\"noreferrer noopener\"><strong>Solicite uma demonstra\u00e7\u00e3o gratuita<\/strong><\/a><strong> <\/strong>ou <a href=\"https:\/\/webmaissistemas.com.br\/planos-erp-webmais\/\" target=\"_blank\" rel=\"noreferrer noopener\"><strong>conhe\u00e7a nossos planos.<\/strong><\/a><\/p>\n","protected":false},"excerpt":{"rendered":"<p>Descubra o poder da Brand Persona e como ela pode impulsionar seus neg\u00f3cios no mundo do marketing. Saiba como criar uma identidade de marca cativante para conquistar e envolver seu p\u00fablico-alvo de forma \u00fanica e eficaz.<\/p>\n","protected":false},"author":8,"featured_media":23787,"comment_status":"open","ping_status":"closed","sticky":false,"template":"","format":"standard","meta":{"_acf_changed":false,"om_disable_all_campaigns":false,"footnotes":""},"categories":[192],"tags":[846,847,248],"class_list":["post-16499","post","type-post","status-publish","format-standard","has-post-thumbnail","hentry","category-marketing-vendas","tag-brand-persona","tag-branding","tag-marketing"],"acf":[],"yoast_head":"<!-- This site is optimized with the Yoast SEO plugin v26.9 - https:\/\/yoast.com\/product\/yoast-seo-wordpress\/ -->\n<title>Brand Persona: o que \u00e9 e como criar a sua<\/title>\n<meta name=\"description\" content=\"Aprenda o que \u00e9 Brand Persona, por que \u00e9 essencial e como criar uma identidade forte para sua marca com exemplos e passos pr\u00e1ticos.\" \/>\n<meta name=\"robots\" content=\"index, follow, max-snippet:-1, max-image-preview:large, max-video-preview:-1\" \/>\n<link rel=\"canonical\" href=\"https:\/\/webmaissistemas.com.br\/blog\/brand-persona\/\" \/>\n<meta property=\"og:locale\" content=\"pt_BR\" \/>\n<meta property=\"og:type\" content=\"article\" \/>\n<meta property=\"og:title\" content=\"Brand Persona: o que \u00e9 e como criar a sua\" \/>\n<meta property=\"og:description\" content=\"Aprenda o que \u00e9 Brand Persona, por que \u00e9 essencial e como criar uma identidade forte para sua marca com exemplos e passos pr\u00e1ticos.\" \/>\n<meta property=\"og:url\" content=\"https:\/\/webmaissistemas.com.br\/blog\/brand-persona\/\" \/>\n<meta property=\"og:site_name\" content=\"Blog WebMais - Tudo sobre Gest\u00e3o Industrial e ERP\" \/>\n<meta property=\"article:publisher\" content=\"https:\/\/www.facebook.com\/webmaissistemas\/\" \/>\n<meta property=\"article:author\" content=\"https:\/\/pt-br.facebook.com\/webmaissistemas\/\" \/>\n<meta property=\"article:published_time\" content=\"2025-12-12T10:00:00+00:00\" \/>\n<meta property=\"og:image\" content=\"https:\/\/webmaissistemas.com.br\/blog\/app\/uploads\/2023\/09\/Brand-Persona-como-construir-a-personalidade-da-marca.webp\" \/>\n\t<meta property=\"og:image:width\" content=\"728\" \/>\n\t<meta property=\"og:image:height\" content=\"351\" \/>\n\t<meta property=\"og:image:type\" content=\"image\/webp\" \/>\n<meta name=\"author\" content=\"Sanon Matias\" \/>\n<meta name=\"twitter:card\" content=\"summary_large_image\" \/>\n<meta name=\"twitter:label1\" content=\"Escrito por\" \/>\n\t<meta name=\"twitter:data1\" content=\"Sanon Matias\" \/>\n\t<meta name=\"twitter:label2\" content=\"Est. tempo de leitura\" \/>\n\t<meta name=\"twitter:data2\" content=\"16 minutos\" \/>\n<script type=\"application\/ld+json\" class=\"yoast-schema-graph\">{\"@context\":\"https:\/\/schema.org\",\"@graph\":[{\"@type\":\"Article\",\"@id\":\"https:\/\/webmaissistemas.com.br\/blog\/brand-persona\/#article\",\"isPartOf\":{\"@id\":\"https:\/\/webmaissistemas.com.br\/blog\/brand-persona\/\"},\"author\":{\"name\":\"Sanon Matias\",\"@id\":\"https:\/\/webmaissistemas.com.br\/blog\/#\/schema\/person\/2035a40b697979c683a5139310f7abb3\"},\"headline\":\"Brand Persona: como construir a personalidade da marca\",\"datePublished\":\"2025-12-12T10:00:00+00:00\",\"mainEntityOfPage\":{\"@id\":\"https:\/\/webmaissistemas.com.br\/blog\/brand-persona\/\"},\"wordCount\":2823,\"commentCount\":0,\"publisher\":{\"@id\":\"https:\/\/webmaissistemas.com.br\/blog\/#organization\"},\"image\":{\"@id\":\"https:\/\/webmaissistemas.com.br\/blog\/brand-persona\/#primaryimage\"},\"thumbnailUrl\":\"https:\/\/webmaissistemas.com.br\/blog\/app\/uploads\/2023\/09\/Brand-Persona-como-construir-a-personalidade-da-marca.webp\",\"keywords\":[\"brand persona\",\"branding\",\"marketing\"],\"articleSection\":[\"Marketing e vendas\"],\"inLanguage\":\"pt-BR\",\"potentialAction\":[{\"@type\":\"CommentAction\",\"name\":\"Comment\",\"target\":[\"https:\/\/webmaissistemas.com.br\/blog\/brand-persona\/#respond\"]}]},{\"@type\":\"WebPage\",\"@id\":\"https:\/\/webmaissistemas.com.br\/blog\/brand-persona\/\",\"url\":\"https:\/\/webmaissistemas.com.br\/blog\/brand-persona\/\",\"name\":\"Brand Persona: o que \u00e9 e como criar a sua\",\"isPartOf\":{\"@id\":\"https:\/\/webmaissistemas.com.br\/blog\/#website\"},\"primaryImageOfPage\":{\"@id\":\"https:\/\/webmaissistemas.com.br\/blog\/brand-persona\/#primaryimage\"},\"image\":{\"@id\":\"https:\/\/webmaissistemas.com.br\/blog\/brand-persona\/#primaryimage\"},\"thumbnailUrl\":\"https:\/\/webmaissistemas.com.br\/blog\/app\/uploads\/2023\/09\/Brand-Persona-como-construir-a-personalidade-da-marca.webp\",\"datePublished\":\"2025-12-12T10:00:00+00:00\",\"description\":\"Aprenda o que \u00e9 Brand Persona, por que \u00e9 essencial e como criar uma identidade forte para sua marca com exemplos e passos pr\u00e1ticos.\",\"breadcrumb\":{\"@id\":\"https:\/\/webmaissistemas.com.br\/blog\/brand-persona\/#breadcrumb\"},\"inLanguage\":\"pt-BR\",\"potentialAction\":[{\"@type\":\"ReadAction\",\"target\":[\"https:\/\/webmaissistemas.com.br\/blog\/brand-persona\/\"]}]},{\"@type\":\"ImageObject\",\"inLanguage\":\"pt-BR\",\"@id\":\"https:\/\/webmaissistemas.com.br\/blog\/brand-persona\/#primaryimage\",\"url\":\"https:\/\/webmaissistemas.com.br\/blog\/app\/uploads\/2023\/09\/Brand-Persona-como-construir-a-personalidade-da-marca.webp\",\"contentUrl\":\"https:\/\/webmaissistemas.com.br\/blog\/app\/uploads\/2023\/09\/Brand-Persona-como-construir-a-personalidade-da-marca.webp\",\"width\":728,\"height\":351,\"caption\":\"Brand Persona - como construir a personalidade da marca\"},{\"@type\":\"BreadcrumbList\",\"@id\":\"https:\/\/webmaissistemas.com.br\/blog\/brand-persona\/#breadcrumb\",\"itemListElement\":[{\"@type\":\"ListItem\",\"position\":1,\"name\":\"In\u00edcio\",\"item\":\"https:\/\/webmaissistemas.com.br\/blog\/\"},{\"@type\":\"ListItem\",\"position\":2,\"name\":\"Marketing e vendas\",\"item\":\"https:\/\/webmaissistemas.com.br\/blog\/marketing-vendas\/\"},{\"@type\":\"ListItem\",\"position\":3,\"name\":\"Brand Persona: como construir a personalidade da marca\"}]},{\"@type\":\"WebSite\",\"@id\":\"https:\/\/webmaissistemas.com.br\/blog\/#website\",\"url\":\"https:\/\/webmaissistemas.com.br\/blog\/\",\"name\":\"Blog WebMais - Tudo sobre Gest\u00e3o Industrial e ERP\",\"description\":\"Aqui no blog da WebMais voc\u00ea fica por dentro de tudo o que \u00e9 novidade sobre o mundo da gest\u00e3o de ind\u00fastrias e distribuidoras.\",\"publisher\":{\"@id\":\"https:\/\/webmaissistemas.com.br\/blog\/#organization\"},\"potentialAction\":[{\"@type\":\"SearchAction\",\"target\":{\"@type\":\"EntryPoint\",\"urlTemplate\":\"https:\/\/webmaissistemas.com.br\/blog\/?s={search_term_string}\"},\"query-input\":{\"@type\":\"PropertyValueSpecification\",\"valueRequired\":true,\"valueName\":\"search_term_string\"}}],\"inLanguage\":\"pt-BR\"},{\"@type\":\"Organization\",\"@id\":\"https:\/\/webmaissistemas.com.br\/blog\/#organization\",\"name\":\"WebMais Sistemas\",\"url\":\"https:\/\/webmaissistemas.com.br\/blog\/\",\"logo\":{\"@type\":\"ImageObject\",\"inLanguage\":\"pt-BR\",\"@id\":\"https:\/\/webmaissistemas.com.br\/blog\/#\/schema\/logo\/image\/\",\"url\":\"https:\/\/webmaissistemas.com.br\/blog\/app\/uploads\/2021\/04\/logo-blog.jpg\",\"contentUrl\":\"https:\/\/webmaissistemas.com.br\/blog\/app\/uploads\/2021\/04\/logo-blog.jpg\",\"width\":800,\"height\":118,\"caption\":\"WebMais Sistemas\"},\"image\":{\"@id\":\"https:\/\/webmaissistemas.com.br\/blog\/#\/schema\/logo\/image\/\"},\"sameAs\":[\"https:\/\/www.facebook.com\/webmaissistemas\/\",\"https:\/\/www.instagram.com\/webmais_sistemas\",\"https:\/\/br.linkedin.com\/company\/webmais-sistemas\",\"https:\/\/www.youtube.com\/channel\/UCfTCVlfTTPXpVoXJDRJ3pRQ\"]},{\"@type\":\"Person\",\"@id\":\"https:\/\/webmaissistemas.com.br\/blog\/#\/schema\/person\/2035a40b697979c683a5139310f7abb3\",\"name\":\"Sanon Matias\",\"image\":{\"@type\":\"ImageObject\",\"inLanguage\":\"pt-BR\",\"@id\":\"https:\/\/webmaissistemas.com.br\/blog\/#\/schema\/person\/image\/\",\"url\":\"https:\/\/secure.gravatar.com\/avatar\/0080f22f5cfa42b324d52cb806afc8a951fc807c46e23d8daa6528befd097208?s=96&d=mm&r=g\",\"contentUrl\":\"https:\/\/secure.gravatar.com\/avatar\/0080f22f5cfa42b324d52cb806afc8a951fc807c46e23d8daa6528befd097208?s=96&d=mm&r=g\",\"caption\":\"Sanon Matias\"},\"description\":\"Fundador da WebMais Sistemas, Sanon Matias Fortunato possui mais de 25 anos de experi\u00eancia em diversas vertentes das tecnologias e gest\u00e3o empresarial, com \u00eanfase em Ind\u00fastria e Distribui\u00e7\u00e3o. Profundo conhecedor da \u00e1rea comercial, Funil de vendas, CRM, Indicadores, M\u00eddias Pagas, SEO, Inbound Marketing, Adwords, FacebookAds, Rede Sociais, Sucesso de Cliente e Canais de Parcerias.\",\"sameAs\":[\"https:\/\/webmaissistemas.com.br\/\",\"https:\/\/pt-br.facebook.com\/webmaissistemas\/\",\"https:\/\/www.instagram.com\/sanonmatias\/?hl=en\",\"https:\/\/www.linkedin.com\/in\/sanonmatias\/\",\"https:\/\/www.youtube.com\/channel\/UCfTCVlfTTPXpVoXJDRJ3pRQ\"],\"url\":\"https:\/\/webmaissistemas.com.br\/blog\/author\/sanon\/\"}]}<\/script>\n<!-- \/ Yoast SEO plugin. -->","yoast_head_json":{"title":"Brand Persona: o que \u00e9 e como criar a sua","description":"Aprenda o que \u00e9 Brand Persona, por que \u00e9 essencial e como criar uma identidade forte para sua marca com exemplos e passos pr\u00e1ticos.","robots":{"index":"index","follow":"follow","max-snippet":"max-snippet:-1","max-image-preview":"max-image-preview:large","max-video-preview":"max-video-preview:-1"},"canonical":"https:\/\/webmaissistemas.com.br\/blog\/brand-persona\/","og_locale":"pt_BR","og_type":"article","og_title":"Brand Persona: o que \u00e9 e como criar a sua","og_description":"Aprenda o que \u00e9 Brand Persona, por que \u00e9 essencial e como criar uma identidade forte para sua marca com exemplos e passos pr\u00e1ticos.","og_url":"https:\/\/webmaissistemas.com.br\/blog\/brand-persona\/","og_site_name":"Blog WebMais - Tudo sobre Gest\u00e3o Industrial e ERP","article_publisher":"https:\/\/www.facebook.com\/webmaissistemas\/","article_author":"https:\/\/pt-br.facebook.com\/webmaissistemas\/","article_published_time":"2025-12-12T10:00:00+00:00","og_image":[{"width":728,"height":351,"url":"https:\/\/webmaissistemas.com.br\/blog\/app\/uploads\/2023\/09\/Brand-Persona-como-construir-a-personalidade-da-marca.webp","type":"image\/webp"}],"author":"Sanon Matias","twitter_card":"summary_large_image","twitter_misc":{"Escrito por":"Sanon Matias","Est. tempo de leitura":"16 minutos"},"schema":{"@context":"https:\/\/schema.org","@graph":[{"@type":"Article","@id":"https:\/\/webmaissistemas.com.br\/blog\/brand-persona\/#article","isPartOf":{"@id":"https:\/\/webmaissistemas.com.br\/blog\/brand-persona\/"},"author":{"name":"Sanon Matias","@id":"https:\/\/webmaissistemas.com.br\/blog\/#\/schema\/person\/2035a40b697979c683a5139310f7abb3"},"headline":"Brand Persona: como construir a personalidade da marca","datePublished":"2025-12-12T10:00:00+00:00","mainEntityOfPage":{"@id":"https:\/\/webmaissistemas.com.br\/blog\/brand-persona\/"},"wordCount":2823,"commentCount":0,"publisher":{"@id":"https:\/\/webmaissistemas.com.br\/blog\/#organization"},"image":{"@id":"https:\/\/webmaissistemas.com.br\/blog\/brand-persona\/#primaryimage"},"thumbnailUrl":"https:\/\/webmaissistemas.com.br\/blog\/app\/uploads\/2023\/09\/Brand-Persona-como-construir-a-personalidade-da-marca.webp","keywords":["brand persona","branding","marketing"],"articleSection":["Marketing e vendas"],"inLanguage":"pt-BR","potentialAction":[{"@type":"CommentAction","name":"Comment","target":["https:\/\/webmaissistemas.com.br\/blog\/brand-persona\/#respond"]}]},{"@type":"WebPage","@id":"https:\/\/webmaissistemas.com.br\/blog\/brand-persona\/","url":"https:\/\/webmaissistemas.com.br\/blog\/brand-persona\/","name":"Brand Persona: o que \u00e9 e como criar a sua","isPartOf":{"@id":"https:\/\/webmaissistemas.com.br\/blog\/#website"},"primaryImageOfPage":{"@id":"https:\/\/webmaissistemas.com.br\/blog\/brand-persona\/#primaryimage"},"image":{"@id":"https:\/\/webmaissistemas.com.br\/blog\/brand-persona\/#primaryimage"},"thumbnailUrl":"https:\/\/webmaissistemas.com.br\/blog\/app\/uploads\/2023\/09\/Brand-Persona-como-construir-a-personalidade-da-marca.webp","datePublished":"2025-12-12T10:00:00+00:00","description":"Aprenda o que \u00e9 Brand Persona, por que \u00e9 essencial e como criar uma identidade forte para sua marca com exemplos e passos pr\u00e1ticos.","breadcrumb":{"@id":"https:\/\/webmaissistemas.com.br\/blog\/brand-persona\/#breadcrumb"},"inLanguage":"pt-BR","potentialAction":[{"@type":"ReadAction","target":["https:\/\/webmaissistemas.com.br\/blog\/brand-persona\/"]}]},{"@type":"ImageObject","inLanguage":"pt-BR","@id":"https:\/\/webmaissistemas.com.br\/blog\/brand-persona\/#primaryimage","url":"https:\/\/webmaissistemas.com.br\/blog\/app\/uploads\/2023\/09\/Brand-Persona-como-construir-a-personalidade-da-marca.webp","contentUrl":"https:\/\/webmaissistemas.com.br\/blog\/app\/uploads\/2023\/09\/Brand-Persona-como-construir-a-personalidade-da-marca.webp","width":728,"height":351,"caption":"Brand Persona - como construir a personalidade da marca"},{"@type":"BreadcrumbList","@id":"https:\/\/webmaissistemas.com.br\/blog\/brand-persona\/#breadcrumb","itemListElement":[{"@type":"ListItem","position":1,"name":"In\u00edcio","item":"https:\/\/webmaissistemas.com.br\/blog\/"},{"@type":"ListItem","position":2,"name":"Marketing e vendas","item":"https:\/\/webmaissistemas.com.br\/blog\/marketing-vendas\/"},{"@type":"ListItem","position":3,"name":"Brand Persona: como construir a personalidade da marca"}]},{"@type":"WebSite","@id":"https:\/\/webmaissistemas.com.br\/blog\/#website","url":"https:\/\/webmaissistemas.com.br\/blog\/","name":"Blog WebMais - Tudo sobre Gest\u00e3o Industrial e ERP","description":"Aqui no blog da WebMais voc\u00ea fica por dentro de tudo o que \u00e9 novidade sobre o mundo da gest\u00e3o de ind\u00fastrias e distribuidoras.","publisher":{"@id":"https:\/\/webmaissistemas.com.br\/blog\/#organization"},"potentialAction":[{"@type":"SearchAction","target":{"@type":"EntryPoint","urlTemplate":"https:\/\/webmaissistemas.com.br\/blog\/?s={search_term_string}"},"query-input":{"@type":"PropertyValueSpecification","valueRequired":true,"valueName":"search_term_string"}}],"inLanguage":"pt-BR"},{"@type":"Organization","@id":"https:\/\/webmaissistemas.com.br\/blog\/#organization","name":"WebMais Sistemas","url":"https:\/\/webmaissistemas.com.br\/blog\/","logo":{"@type":"ImageObject","inLanguage":"pt-BR","@id":"https:\/\/webmaissistemas.com.br\/blog\/#\/schema\/logo\/image\/","url":"https:\/\/webmaissistemas.com.br\/blog\/app\/uploads\/2021\/04\/logo-blog.jpg","contentUrl":"https:\/\/webmaissistemas.com.br\/blog\/app\/uploads\/2021\/04\/logo-blog.jpg","width":800,"height":118,"caption":"WebMais Sistemas"},"image":{"@id":"https:\/\/webmaissistemas.com.br\/blog\/#\/schema\/logo\/image\/"},"sameAs":["https:\/\/www.facebook.com\/webmaissistemas\/","https:\/\/www.instagram.com\/webmais_sistemas","https:\/\/br.linkedin.com\/company\/webmais-sistemas","https:\/\/www.youtube.com\/channel\/UCfTCVlfTTPXpVoXJDRJ3pRQ"]},{"@type":"Person","@id":"https:\/\/webmaissistemas.com.br\/blog\/#\/schema\/person\/2035a40b697979c683a5139310f7abb3","name":"Sanon Matias","image":{"@type":"ImageObject","inLanguage":"pt-BR","@id":"https:\/\/webmaissistemas.com.br\/blog\/#\/schema\/person\/image\/","url":"https:\/\/secure.gravatar.com\/avatar\/0080f22f5cfa42b324d52cb806afc8a951fc807c46e23d8daa6528befd097208?s=96&d=mm&r=g","contentUrl":"https:\/\/secure.gravatar.com\/avatar\/0080f22f5cfa42b324d52cb806afc8a951fc807c46e23d8daa6528befd097208?s=96&d=mm&r=g","caption":"Sanon Matias"},"description":"Fundador da WebMais Sistemas, Sanon Matias Fortunato possui mais de 25 anos de experi\u00eancia em diversas vertentes das tecnologias e gest\u00e3o empresarial, com \u00eanfase em Ind\u00fastria e Distribui\u00e7\u00e3o. Profundo conhecedor da \u00e1rea comercial, Funil de vendas, CRM, Indicadores, M\u00eddias Pagas, SEO, Inbound Marketing, Adwords, FacebookAds, Rede Sociais, Sucesso de Cliente e Canais de Parcerias.","sameAs":["https:\/\/webmaissistemas.com.br\/","https:\/\/pt-br.facebook.com\/webmaissistemas\/","https:\/\/www.instagram.com\/sanonmatias\/?hl=en","https:\/\/www.linkedin.com\/in\/sanonmatias\/","https:\/\/www.youtube.com\/channel\/UCfTCVlfTTPXpVoXJDRJ3pRQ"],"url":"https:\/\/webmaissistemas.com.br\/blog\/author\/sanon\/"}]}},"_links":{"self":[{"href":"https:\/\/webmaissistemas.com.br\/blog\/wp-json\/wp\/v2\/posts\/16499","targetHints":{"allow":["GET"]}}],"collection":[{"href":"https:\/\/webmaissistemas.com.br\/blog\/wp-json\/wp\/v2\/posts"}],"about":[{"href":"https:\/\/webmaissistemas.com.br\/blog\/wp-json\/wp\/v2\/types\/post"}],"author":[{"embeddable":true,"href":"https:\/\/webmaissistemas.com.br\/blog\/wp-json\/wp\/v2\/users\/8"}],"replies":[{"embeddable":true,"href":"https:\/\/webmaissistemas.com.br\/blog\/wp-json\/wp\/v2\/comments?post=16499"}],"version-history":[{"count":4,"href":"https:\/\/webmaissistemas.com.br\/blog\/wp-json\/wp\/v2\/posts\/16499\/revisions"}],"predecessor-version":[{"id":23788,"href":"https:\/\/webmaissistemas.com.br\/blog\/wp-json\/wp\/v2\/posts\/16499\/revisions\/23788"}],"wp:featuredmedia":[{"embeddable":true,"href":"https:\/\/webmaissistemas.com.br\/blog\/wp-json\/wp\/v2\/media\/23787"}],"wp:attachment":[{"href":"https:\/\/webmaissistemas.com.br\/blog\/wp-json\/wp\/v2\/media?parent=16499"}],"wp:term":[{"taxonomy":"category","embeddable":true,"href":"https:\/\/webmaissistemas.com.br\/blog\/wp-json\/wp\/v2\/categories?post=16499"},{"taxonomy":"post_tag","embeddable":true,"href":"https:\/\/webmaissistemas.com.br\/blog\/wp-json\/wp\/v2\/tags?post=16499"}],"curies":[{"name":"wp","href":"https:\/\/api.w.org\/{rel}","templated":true}]}}