{"id":3192,"date":"2021-05-04T13:38:59","date_gmt":"2021-05-04T16:38:59","guid":{"rendered":"http:\/\/webmaissistemas.com.br\/blog\/?p=3192"},"modified":"2021-07-13T09:49:04","modified_gmt":"2021-07-13T12:49:04","slug":"governo-prorroga-prazo-pagamento-simples-nacional","status":"publish","type":"post","link":"https:\/\/webmaissistemas.com.br\/blog\/governo-prorroga-prazo-pagamento-simples-nacional\/","title":{"rendered":"Governo prorroga o prazo para pagamento dos tributos federais no \u00e2mbito do Simples Nacional"},"content":{"rendered":"\n<p>O Governo Federal anunciou um pacote de medidas para os setores econ\u00f4micos, a fim de amenizar os efeitos econ\u00f4micos gerados pela pandemia do novo coronav\u00edrus (COVID-19) no Brasil. Medida similar foi adotada no in\u00edcio da pandemia, em mar\u00e7o de 2020.<\/p>\n\n\n\n<p>A Resolu\u00e7\u00e3o CGSN n\u00ba 158, de 24 de mar\u00e7o de 2021, Publicada no DOU (Di\u00e1rio Oficial da Uni\u00e3o) de 25\/03\/2021, se\u00e7\u00e3o 1, p\u00e1gina 44 , determina a prorroga\u00e7\u00e3o nos prazos de pagamento da DAS \u2013 Documento de Arrecada\u00e7\u00e3o do Simples Nacional \u2013 das compet\u00eancias de mar\u00e7o, abril e maio pelo Comit\u00ea Gestor do Simples Nacional. Esta resolu\u00e7\u00e3o tamb\u00e9m se aplica aos Microempreendedores Individuais (MEI).&nbsp;<\/p>\n\n\n\n<p>Com isso, os tributos federais apurados no Programa Gerador do Documento de Arrecada\u00e7\u00e3o do Simples Nacional \u2013 Declarat\u00f3rio (PGDAS-D) e Programa Gerador do DAS para o MEI (PGMEI) foram prorrogados da seguinte forma:&nbsp;<\/p>\n\n\n\n<p>I \u2013 o per\u00edodo de apura\u00e7\u00e3o mar\u00e7o de 2021, com vencimento original em 20 de abril de 2021, vencer\u00e1 em 20 de julho de 2021;&nbsp;<\/p>\n\n\n\n<p>II \u2013 o per\u00edodo de apura\u00e7\u00e3o abril de 2021, com vencimento original em 20 de maio de 2021, vencer\u00e1 em 20 de setembro de 2021;&nbsp;<\/p>\n\n\n\n<p>III &#8211; o per\u00edodo de apura\u00e7\u00e3o maio de 2021, com vencimento original em 21 de junho de 2021, vencer\u00e1 em 22 de novembro de 2021.&nbsp;<\/p>\n\n\n\n<p><strong>Importante:<\/strong> as prorroga\u00e7\u00f5es n\u00e3o implicam direito \u00e0 restitui\u00e7\u00e3o ou compensa\u00e7\u00e3o de quantias eventualmente j\u00e1 recolhidas.<\/p>\n\n\n\n<p>Acesse <strong><a href=\"http:\/\/normas.receita.fazenda.gov.br\/sijut2consulta\/link.action?visao=anotado&amp;idAto=116190\">a \u00edntegra da resolu\u00e7\u00e3o<\/a>.<\/strong><\/p>\n\n\n\n<div role=\"main\" id=\"fundo-do-artigo-fale-com-um-especialista-103df2c0a0b2c6087827\"><\/div>\n<script type=\"text\/javascript\" src=\"https:\/\/d335luupugsy2.cloudfront.net\/js\/rdstation-forms\/stable\/rdstation-forms.min.js\"><\/script>\n<script type=\"text\/javascript\"> new RDStationForms('fundo-do-artigo-fale-com-um-especialista-103df2c0a0b2c6087827', 'UA-43092956-1').createForm();<\/script>\n","protected":false},"excerpt":{"rendered":"<p>Governo Prorroga Prazo de Pagamento do Simples Nacional a fim de amenizar os efeitos econ\u00f4micos gerados pela COVID-19<\/p>\n","protected":false},"author":8,"featured_media":3193,"comment_status":"open","ping_status":"open","sticky":false,"template":"","format":"standard","meta":{"_acf_changed":false,"om_disable_all_campaigns":false,"footnotes":""},"categories":[189],"tags":[294],"class_list":["post-3192","post","type-post","status-publish","format-standard","has-post-thumbnail","hentry","category-fiscal-tributario","tag-simples-nacional"],"acf":[],"yoast_head":"<!-- This site is optimized with the Yoast SEO plugin v26.9 - https:\/\/yoast.com\/product\/yoast-seo-wordpress\/ -->\n<title>Governo Prorroga Prazo de Pagamento do Simples Nacional<\/title>\n<meta name=\"description\" content=\"Governo Prorroga Prazo de Pagamento do Simples Nacional a fim de amenizar os efeitos econ\u00f4micos gerados pela COVID-19\" \/>\n<meta name=\"robots\" content=\"index, follow, max-snippet:-1, max-image-preview:large, max-video-preview:-1\" \/>\n<link rel=\"canonical\" href=\"https:\/\/webmaissistemas.com.br\/blog\/governo-prorroga-prazo-pagamento-simples-nacional\/\" \/>\n<meta property=\"og:locale\" content=\"pt_BR\" \/>\n<meta property=\"og:type\" content=\"article\" \/>\n<meta property=\"og:title\" content=\"Governo Prorroga Prazo de Pagamento do Simples Nacional\" \/>\n<meta property=\"og:description\" content=\"Governo Prorroga Prazo de Pagamento do Simples Nacional a fim de amenizar os efeitos econ\u00f4micos gerados pela COVID-19\" \/>\n<meta property=\"og:url\" content=\"https:\/\/webmaissistemas.com.br\/blog\/governo-prorroga-prazo-pagamento-simples-nacional\/\" \/>\n<meta property=\"og:site_name\" content=\"Blog WebMais - Tudo sobre Gest\u00e3o Industrial e ERP\" \/>\n<meta property=\"article:publisher\" content=\"https:\/\/www.facebook.com\/webmaissistemas\/\" \/>\n<meta property=\"article:author\" content=\"https:\/\/pt-br.facebook.com\/webmaissistemas\/\" \/>\n<meta property=\"article:published_time\" content=\"2021-05-04T16:38:59+00:00\" \/>\n<meta property=\"article:modified_time\" content=\"2021-07-13T12:49:04+00:00\" \/>\n<meta property=\"og:image\" content=\"https:\/\/webmaissistemas.com.br\/blog\/app\/uploads\/2020\/03\/simples.jpg\" \/>\n\t<meta property=\"og:image:width\" content=\"1140\" \/>\n\t<meta property=\"og:image:height\" content=\"550\" \/>\n\t<meta property=\"og:image:type\" content=\"image\/jpeg\" \/>\n<meta name=\"author\" content=\"Sanon Matias\" \/>\n<meta name=\"twitter:card\" content=\"summary_large_image\" \/>\n<meta name=\"twitter:label1\" content=\"Escrito por\" \/>\n\t<meta name=\"twitter:data1\" content=\"Sanon Matias\" \/>\n\t<meta name=\"twitter:label2\" content=\"Est. tempo de leitura\" \/>\n\t<meta name=\"twitter:data2\" content=\"1 minuto\" \/>\n<script type=\"application\/ld+json\" class=\"yoast-schema-graph\">{\"@context\":\"https:\/\/schema.org\",\"@graph\":[{\"@type\":\"Article\",\"@id\":\"https:\/\/webmaissistemas.com.br\/blog\/governo-prorroga-prazo-pagamento-simples-nacional\/#article\",\"isPartOf\":{\"@id\":\"https:\/\/webmaissistemas.com.br\/blog\/governo-prorroga-prazo-pagamento-simples-nacional\/\"},\"author\":{\"name\":\"Sanon Matias\",\"@id\":\"https:\/\/webmaissistemas.com.br\/blog\/#\/schema\/person\/2035a40b697979c683a5139310f7abb3\"},\"headline\":\"Governo prorroga o prazo para pagamento dos tributos federais no \u00e2mbito do Simples Nacional\",\"datePublished\":\"2021-05-04T16:38:59+00:00\",\"dateModified\":\"2021-07-13T12:49:04+00:00\",\"mainEntityOfPage\":{\"@id\":\"https:\/\/webmaissistemas.com.br\/blog\/governo-prorroga-prazo-pagamento-simples-nacional\/\"},\"wordCount\":253,\"commentCount\":0,\"publisher\":{\"@id\":\"https:\/\/webmaissistemas.com.br\/blog\/#organization\"},\"image\":{\"@id\":\"https:\/\/webmaissistemas.com.br\/blog\/governo-prorroga-prazo-pagamento-simples-nacional\/#primaryimage\"},\"thumbnailUrl\":\"https:\/\/webmaissistemas.com.br\/blog\/app\/uploads\/2020\/03\/simples.jpg\",\"keywords\":[\"simples nacional\"],\"articleSection\":[\"Fiscal e Tribut\u00e1rio\"],\"inLanguage\":\"pt-BR\",\"potentialAction\":[{\"@type\":\"CommentAction\",\"name\":\"Comment\",\"target\":[\"https:\/\/webmaissistemas.com.br\/blog\/governo-prorroga-prazo-pagamento-simples-nacional\/#respond\"]}]},{\"@type\":\"WebPage\",\"@id\":\"https:\/\/webmaissistemas.com.br\/blog\/governo-prorroga-prazo-pagamento-simples-nacional\/\",\"url\":\"https:\/\/webmaissistemas.com.br\/blog\/governo-prorroga-prazo-pagamento-simples-nacional\/\",\"name\":\"Governo Prorroga Prazo de Pagamento do Simples Nacional\",\"isPartOf\":{\"@id\":\"https:\/\/webmaissistemas.com.br\/blog\/#website\"},\"primaryImageOfPage\":{\"@id\":\"https:\/\/webmaissistemas.com.br\/blog\/governo-prorroga-prazo-pagamento-simples-nacional\/#primaryimage\"},\"image\":{\"@id\":\"https:\/\/webmaissistemas.com.br\/blog\/governo-prorroga-prazo-pagamento-simples-nacional\/#primaryimage\"},\"thumbnailUrl\":\"https:\/\/webmaissistemas.com.br\/blog\/app\/uploads\/2020\/03\/simples.jpg\",\"datePublished\":\"2021-05-04T16:38:59+00:00\",\"dateModified\":\"2021-07-13T12:49:04+00:00\",\"description\":\"Governo Prorroga Prazo de Pagamento do Simples Nacional a fim de amenizar os efeitos econ\u00f4micos gerados pela COVID-19\",\"breadcrumb\":{\"@id\":\"https:\/\/webmaissistemas.com.br\/blog\/governo-prorroga-prazo-pagamento-simples-nacional\/#breadcrumb\"},\"inLanguage\":\"pt-BR\",\"potentialAction\":[{\"@type\":\"ReadAction\",\"target\":[\"https:\/\/webmaissistemas.com.br\/blog\/governo-prorroga-prazo-pagamento-simples-nacional\/\"]}]},{\"@type\":\"ImageObject\",\"inLanguage\":\"pt-BR\",\"@id\":\"https:\/\/webmaissistemas.com.br\/blog\/governo-prorroga-prazo-pagamento-simples-nacional\/#primaryimage\",\"url\":\"https:\/\/webmaissistemas.com.br\/blog\/app\/uploads\/2020\/03\/simples.jpg\",\"contentUrl\":\"https:\/\/webmaissistemas.com.br\/blog\/app\/uploads\/2020\/03\/simples.jpg\",\"width\":1140,\"height\":550,\"caption\":\"Governo Prorroga Prazo de Pagamento do Simples Nacional\"},{\"@type\":\"BreadcrumbList\",\"@id\":\"https:\/\/webmaissistemas.com.br\/blog\/governo-prorroga-prazo-pagamento-simples-nacional\/#breadcrumb\",\"itemListElement\":[{\"@type\":\"ListItem\",\"position\":1,\"name\":\"In\u00edcio\",\"item\":\"https:\/\/webmaissistemas.com.br\/blog\/\"},{\"@type\":\"ListItem\",\"position\":2,\"name\":\"Fiscal e Tribut\u00e1rio\",\"item\":\"https:\/\/webmaissistemas.com.br\/blog\/fiscal-tributario\/\"},{\"@type\":\"ListItem\",\"position\":3,\"name\":\"Governo prorroga o prazo para pagamento dos tributos federais no \u00e2mbito do Simples Nacional\"}]},{\"@type\":\"WebSite\",\"@id\":\"https:\/\/webmaissistemas.com.br\/blog\/#website\",\"url\":\"https:\/\/webmaissistemas.com.br\/blog\/\",\"name\":\"Blog WebMais - Tudo sobre Gest\u00e3o Industrial e ERP\",\"description\":\"Aqui no blog da WebMais voc\u00ea fica por dentro de tudo o que \u00e9 novidade sobre o mundo da gest\u00e3o de ind\u00fastrias e distribuidoras.\",\"publisher\":{\"@id\":\"https:\/\/webmaissistemas.com.br\/blog\/#organization\"},\"potentialAction\":[{\"@type\":\"SearchAction\",\"target\":{\"@type\":\"EntryPoint\",\"urlTemplate\":\"https:\/\/webmaissistemas.com.br\/blog\/?s={search_term_string}\"},\"query-input\":{\"@type\":\"PropertyValueSpecification\",\"valueRequired\":true,\"valueName\":\"search_term_string\"}}],\"inLanguage\":\"pt-BR\"},{\"@type\":\"Organization\",\"@id\":\"https:\/\/webmaissistemas.com.br\/blog\/#organization\",\"name\":\"WebMais Sistemas\",\"url\":\"https:\/\/webmaissistemas.com.br\/blog\/\",\"logo\":{\"@type\":\"ImageObject\",\"inLanguage\":\"pt-BR\",\"@id\":\"https:\/\/webmaissistemas.com.br\/blog\/#\/schema\/logo\/image\/\",\"url\":\"https:\/\/webmaissistemas.com.br\/blog\/app\/uploads\/2021\/04\/logo-blog.jpg\",\"contentUrl\":\"https:\/\/webmaissistemas.com.br\/blog\/app\/uploads\/2021\/04\/logo-blog.jpg\",\"width\":800,\"height\":118,\"caption\":\"WebMais Sistemas\"},\"image\":{\"@id\":\"https:\/\/webmaissistemas.com.br\/blog\/#\/schema\/logo\/image\/\"},\"sameAs\":[\"https:\/\/www.facebook.com\/webmaissistemas\/\",\"https:\/\/www.instagram.com\/webmais_sistemas\",\"https:\/\/br.linkedin.com\/company\/webmais-sistemas\",\"https:\/\/www.youtube.com\/channel\/UCfTCVlfTTPXpVoXJDRJ3pRQ\"]},{\"@type\":\"Person\",\"@id\":\"https:\/\/webmaissistemas.com.br\/blog\/#\/schema\/person\/2035a40b697979c683a5139310f7abb3\",\"name\":\"Sanon Matias\",\"image\":{\"@type\":\"ImageObject\",\"inLanguage\":\"pt-BR\",\"@id\":\"https:\/\/webmaissistemas.com.br\/blog\/#\/schema\/person\/image\/\",\"url\":\"https:\/\/secure.gravatar.com\/avatar\/0080f22f5cfa42b324d52cb806afc8a951fc807c46e23d8daa6528befd097208?s=96&d=mm&r=g\",\"contentUrl\":\"https:\/\/secure.gravatar.com\/avatar\/0080f22f5cfa42b324d52cb806afc8a951fc807c46e23d8daa6528befd097208?s=96&d=mm&r=g\",\"caption\":\"Sanon Matias\"},\"description\":\"Fundador da WebMais Sistemas, Sanon Matias Fortunato possui mais de 25 anos de experi\u00eancia em diversas vertentes das tecnologias e gest\u00e3o empresarial, com \u00eanfase em Ind\u00fastria e Distribui\u00e7\u00e3o. Profundo conhecedor da \u00e1rea comercial, Funil de vendas, CRM, Indicadores, M\u00eddias Pagas, SEO, Inbound Marketing, Adwords, FacebookAds, Rede Sociais, Sucesso de Cliente e Canais de Parcerias.\",\"sameAs\":[\"https:\/\/webmaissistemas.com.br\/\",\"https:\/\/pt-br.facebook.com\/webmaissistemas\/\",\"https:\/\/www.instagram.com\/sanonmatias\/?hl=en\",\"https:\/\/www.linkedin.com\/in\/sanonmatias\/\",\"https:\/\/www.youtube.com\/channel\/UCfTCVlfTTPXpVoXJDRJ3pRQ\"],\"url\":\"https:\/\/webmaissistemas.com.br\/blog\/author\/sanon\/\"}]}<\/script>\n<!-- \/ Yoast SEO plugin. -->","yoast_head_json":{"title":"Governo Prorroga Prazo de Pagamento do Simples Nacional","description":"Governo Prorroga Prazo de Pagamento do Simples Nacional a fim de amenizar os efeitos econ\u00f4micos gerados pela COVID-19","robots":{"index":"index","follow":"follow","max-snippet":"max-snippet:-1","max-image-preview":"max-image-preview:large","max-video-preview":"max-video-preview:-1"},"canonical":"https:\/\/webmaissistemas.com.br\/blog\/governo-prorroga-prazo-pagamento-simples-nacional\/","og_locale":"pt_BR","og_type":"article","og_title":"Governo Prorroga Prazo de Pagamento do Simples Nacional","og_description":"Governo Prorroga Prazo de Pagamento do Simples Nacional a fim de amenizar os efeitos econ\u00f4micos gerados pela COVID-19","og_url":"https:\/\/webmaissistemas.com.br\/blog\/governo-prorroga-prazo-pagamento-simples-nacional\/","og_site_name":"Blog WebMais - Tudo sobre Gest\u00e3o Industrial e ERP","article_publisher":"https:\/\/www.facebook.com\/webmaissistemas\/","article_author":"https:\/\/pt-br.facebook.com\/webmaissistemas\/","article_published_time":"2021-05-04T16:38:59+00:00","article_modified_time":"2021-07-13T12:49:04+00:00","og_image":[{"width":1140,"height":550,"url":"https:\/\/webmaissistemas.com.br\/blog\/app\/uploads\/2020\/03\/simples.jpg","type":"image\/jpeg"}],"author":"Sanon Matias","twitter_card":"summary_large_image","twitter_misc":{"Escrito por":"Sanon Matias","Est. tempo de leitura":"1 minuto"},"schema":{"@context":"https:\/\/schema.org","@graph":[{"@type":"Article","@id":"https:\/\/webmaissistemas.com.br\/blog\/governo-prorroga-prazo-pagamento-simples-nacional\/#article","isPartOf":{"@id":"https:\/\/webmaissistemas.com.br\/blog\/governo-prorroga-prazo-pagamento-simples-nacional\/"},"author":{"name":"Sanon Matias","@id":"https:\/\/webmaissistemas.com.br\/blog\/#\/schema\/person\/2035a40b697979c683a5139310f7abb3"},"headline":"Governo prorroga o prazo para pagamento dos tributos federais no \u00e2mbito do Simples Nacional","datePublished":"2021-05-04T16:38:59+00:00","dateModified":"2021-07-13T12:49:04+00:00","mainEntityOfPage":{"@id":"https:\/\/webmaissistemas.com.br\/blog\/governo-prorroga-prazo-pagamento-simples-nacional\/"},"wordCount":253,"commentCount":0,"publisher":{"@id":"https:\/\/webmaissistemas.com.br\/blog\/#organization"},"image":{"@id":"https:\/\/webmaissistemas.com.br\/blog\/governo-prorroga-prazo-pagamento-simples-nacional\/#primaryimage"},"thumbnailUrl":"https:\/\/webmaissistemas.com.br\/blog\/app\/uploads\/2020\/03\/simples.jpg","keywords":["simples nacional"],"articleSection":["Fiscal e Tribut\u00e1rio"],"inLanguage":"pt-BR","potentialAction":[{"@type":"CommentAction","name":"Comment","target":["https:\/\/webmaissistemas.com.br\/blog\/governo-prorroga-prazo-pagamento-simples-nacional\/#respond"]}]},{"@type":"WebPage","@id":"https:\/\/webmaissistemas.com.br\/blog\/governo-prorroga-prazo-pagamento-simples-nacional\/","url":"https:\/\/webmaissistemas.com.br\/blog\/governo-prorroga-prazo-pagamento-simples-nacional\/","name":"Governo Prorroga Prazo de Pagamento do Simples Nacional","isPartOf":{"@id":"https:\/\/webmaissistemas.com.br\/blog\/#website"},"primaryImageOfPage":{"@id":"https:\/\/webmaissistemas.com.br\/blog\/governo-prorroga-prazo-pagamento-simples-nacional\/#primaryimage"},"image":{"@id":"https:\/\/webmaissistemas.com.br\/blog\/governo-prorroga-prazo-pagamento-simples-nacional\/#primaryimage"},"thumbnailUrl":"https:\/\/webmaissistemas.com.br\/blog\/app\/uploads\/2020\/03\/simples.jpg","datePublished":"2021-05-04T16:38:59+00:00","dateModified":"2021-07-13T12:49:04+00:00","description":"Governo Prorroga Prazo de Pagamento do Simples Nacional a fim de amenizar os efeitos econ\u00f4micos gerados pela COVID-19","breadcrumb":{"@id":"https:\/\/webmaissistemas.com.br\/blog\/governo-prorroga-prazo-pagamento-simples-nacional\/#breadcrumb"},"inLanguage":"pt-BR","potentialAction":[{"@type":"ReadAction","target":["https:\/\/webmaissistemas.com.br\/blog\/governo-prorroga-prazo-pagamento-simples-nacional\/"]}]},{"@type":"ImageObject","inLanguage":"pt-BR","@id":"https:\/\/webmaissistemas.com.br\/blog\/governo-prorroga-prazo-pagamento-simples-nacional\/#primaryimage","url":"https:\/\/webmaissistemas.com.br\/blog\/app\/uploads\/2020\/03\/simples.jpg","contentUrl":"https:\/\/webmaissistemas.com.br\/blog\/app\/uploads\/2020\/03\/simples.jpg","width":1140,"height":550,"caption":"Governo Prorroga Prazo de Pagamento do Simples Nacional"},{"@type":"BreadcrumbList","@id":"https:\/\/webmaissistemas.com.br\/blog\/governo-prorroga-prazo-pagamento-simples-nacional\/#breadcrumb","itemListElement":[{"@type":"ListItem","position":1,"name":"In\u00edcio","item":"https:\/\/webmaissistemas.com.br\/blog\/"},{"@type":"ListItem","position":2,"name":"Fiscal e Tribut\u00e1rio","item":"https:\/\/webmaissistemas.com.br\/blog\/fiscal-tributario\/"},{"@type":"ListItem","position":3,"name":"Governo prorroga o prazo para pagamento dos tributos federais no \u00e2mbito do Simples Nacional"}]},{"@type":"WebSite","@id":"https:\/\/webmaissistemas.com.br\/blog\/#website","url":"https:\/\/webmaissistemas.com.br\/blog\/","name":"Blog WebMais - Tudo sobre Gest\u00e3o Industrial e ERP","description":"Aqui no blog da WebMais voc\u00ea fica por dentro de tudo o que \u00e9 novidade sobre o mundo da gest\u00e3o de ind\u00fastrias e distribuidoras.","publisher":{"@id":"https:\/\/webmaissistemas.com.br\/blog\/#organization"},"potentialAction":[{"@type":"SearchAction","target":{"@type":"EntryPoint","urlTemplate":"https:\/\/webmaissistemas.com.br\/blog\/?s={search_term_string}"},"query-input":{"@type":"PropertyValueSpecification","valueRequired":true,"valueName":"search_term_string"}}],"inLanguage":"pt-BR"},{"@type":"Organization","@id":"https:\/\/webmaissistemas.com.br\/blog\/#organization","name":"WebMais Sistemas","url":"https:\/\/webmaissistemas.com.br\/blog\/","logo":{"@type":"ImageObject","inLanguage":"pt-BR","@id":"https:\/\/webmaissistemas.com.br\/blog\/#\/schema\/logo\/image\/","url":"https:\/\/webmaissistemas.com.br\/blog\/app\/uploads\/2021\/04\/logo-blog.jpg","contentUrl":"https:\/\/webmaissistemas.com.br\/blog\/app\/uploads\/2021\/04\/logo-blog.jpg","width":800,"height":118,"caption":"WebMais Sistemas"},"image":{"@id":"https:\/\/webmaissistemas.com.br\/blog\/#\/schema\/logo\/image\/"},"sameAs":["https:\/\/www.facebook.com\/webmaissistemas\/","https:\/\/www.instagram.com\/webmais_sistemas","https:\/\/br.linkedin.com\/company\/webmais-sistemas","https:\/\/www.youtube.com\/channel\/UCfTCVlfTTPXpVoXJDRJ3pRQ"]},{"@type":"Person","@id":"https:\/\/webmaissistemas.com.br\/blog\/#\/schema\/person\/2035a40b697979c683a5139310f7abb3","name":"Sanon Matias","image":{"@type":"ImageObject","inLanguage":"pt-BR","@id":"https:\/\/webmaissistemas.com.br\/blog\/#\/schema\/person\/image\/","url":"https:\/\/secure.gravatar.com\/avatar\/0080f22f5cfa42b324d52cb806afc8a951fc807c46e23d8daa6528befd097208?s=96&d=mm&r=g","contentUrl":"https:\/\/secure.gravatar.com\/avatar\/0080f22f5cfa42b324d52cb806afc8a951fc807c46e23d8daa6528befd097208?s=96&d=mm&r=g","caption":"Sanon Matias"},"description":"Fundador da WebMais Sistemas, Sanon Matias Fortunato possui mais de 25 anos de experi\u00eancia em diversas vertentes das tecnologias e gest\u00e3o empresarial, com \u00eanfase em Ind\u00fastria e Distribui\u00e7\u00e3o. Profundo conhecedor da \u00e1rea comercial, Funil de vendas, CRM, Indicadores, M\u00eddias Pagas, SEO, Inbound Marketing, Adwords, FacebookAds, Rede Sociais, Sucesso de Cliente e Canais de Parcerias.","sameAs":["https:\/\/webmaissistemas.com.br\/","https:\/\/pt-br.facebook.com\/webmaissistemas\/","https:\/\/www.instagram.com\/sanonmatias\/?hl=en","https:\/\/www.linkedin.com\/in\/sanonmatias\/","https:\/\/www.youtube.com\/channel\/UCfTCVlfTTPXpVoXJDRJ3pRQ"],"url":"https:\/\/webmaissistemas.com.br\/blog\/author\/sanon\/"}]}},"_links":{"self":[{"href":"https:\/\/webmaissistemas.com.br\/blog\/wp-json\/wp\/v2\/posts\/3192","targetHints":{"allow":["GET"]}}],"collection":[{"href":"https:\/\/webmaissistemas.com.br\/blog\/wp-json\/wp\/v2\/posts"}],"about":[{"href":"https:\/\/webmaissistemas.com.br\/blog\/wp-json\/wp\/v2\/types\/post"}],"author":[{"embeddable":true,"href":"https:\/\/webmaissistemas.com.br\/blog\/wp-json\/wp\/v2\/users\/8"}],"replies":[{"embeddable":true,"href":"https:\/\/webmaissistemas.com.br\/blog\/wp-json\/wp\/v2\/comments?post=3192"}],"version-history":[{"count":0,"href":"https:\/\/webmaissistemas.com.br\/blog\/wp-json\/wp\/v2\/posts\/3192\/revisions"}],"wp:featuredmedia":[{"embeddable":true,"href":"https:\/\/webmaissistemas.com.br\/blog\/wp-json\/wp\/v2\/media\/3193"}],"wp:attachment":[{"href":"https:\/\/webmaissistemas.com.br\/blog\/wp-json\/wp\/v2\/media?parent=3192"}],"wp:term":[{"taxonomy":"category","embeddable":true,"href":"https:\/\/webmaissistemas.com.br\/blog\/wp-json\/wp\/v2\/categories?post=3192"},{"taxonomy":"post_tag","embeddable":true,"href":"https:\/\/webmaissistemas.com.br\/blog\/wp-json\/wp\/v2\/tags?post=3192"}],"curies":[{"name":"wp","href":"https:\/\/api.w.org\/{rel}","templated":true}]}}