{"id":3200,"date":"2020-04-28T13:37:47","date_gmt":"2020-04-28T16:37:47","guid":{"rendered":"http:\/\/webmaissistemas.com.br\/blog\/?p=3200"},"modified":"2026-01-26T16:32:54","modified_gmt":"2026-01-26T19:32:54","slug":"como-ajustar-financas-novo-cenario-economico","status":"publish","type":"post","link":"https:\/\/webmaissistemas.com.br\/blog\/como-ajustar-financas-novo-cenario-economico\/","title":{"rendered":"Gest\u00e3o financeira: Como ajustar as finan\u00e7as ao novo cen\u00e1rio?"},"content":{"rendered":"\n<p>Estamos vivendo um per\u00edodo cheio de incertezas devido a pandemia do novo <a href=\"https:\/\/webmaissistemas.com.br\/blog\/coronavirus-cuidados-fundamentais\/\"><strong>coronav\u00edrus<\/strong><\/a>, onde a economia foi amplamente impactada. Com todas essas mudan\u00e7as sentidas por todos n\u00f3s no \u00faltimo m\u00eas, alguns setores da economia foram mais afetados quando comparados a outros, por isso criamos este artigo, para te auxiliar na <strong><a href=\"https:\/\/webmaissistemas.com.br\/blog\/gestao-financeira\/\" target=\"_blank\" rel=\"noreferrer noopener\">gest\u00e3o financeira<\/a><\/strong> da sua empresa e a ajustar as suas finan\u00e7as a este novo cen\u00e1rio.<\/p>\n\n\n\n<p>Iremos partir de uma breve contextualiza\u00e7\u00e3o de como a pandemia atingiu a economia, an\u00e1lise de cen\u00e1rio e como se preparar para a retomada dos neg\u00f3cios, vamos l\u00e1?<\/p>\n\n\n\n<h2 id='pandemia-desafio-mundial'><strong>Pandemia: desafio mundial<\/strong><\/h2>\n\n\n\n<p>\u00c9 fato que a pandemia do covid-19 atingiu praticamente todos os setores da economia e que houve uma altera\u00e7\u00e3o na din\u00e2mica de socializa\u00e7\u00e3o das pessoas e nos modelos de trabalho. Por consequ\u00eancia, percebeu-se uma altera\u00e7\u00e3o nos padr\u00f5es de consumo e da pr\u00f3pria economia como um todo.<\/p>\n\n\n\n<p>Todos as empresas acabaram sentindo este impacto nas suas opera\u00e7\u00f5es e resultados. Uma pesquisa da SenseData apontou uma divis\u00e3o em dos neg\u00f3cios em tr\u00eas grandes grupos, conforme o impacto do coronav\u00edrus, s\u00e3o elas:<\/p>\n\n\n\n<ul class=\"wp-block-list\">\n<li>Empresas que est\u00e3o sendo altamente requisitadas: como servi\u00e7os de entrega e envio, com\u00e9rcio eletr\u00f4nico, ind\u00fastria farmac\u00eautica e aliment\u00edcia, produtos para<strong> <\/strong><a href=\"https:\/\/webmaissistemas.com.br\/erp-para-distribuidora-de-produtos-de-higiene-e-limpeza\/\" target=\"_blank\" rel=\"noreferrer noopener\">higiene<\/a>, solu\u00e7\u00f5es cloud, telecomunica\u00e7\u00f5es e health care.<\/li>\n\n\n\n<li>Neg\u00f3cios pouco impactados: hardwares e tecnologia, meios de comunica\u00e7\u00e3o, gest\u00e3o de recursos, produtos qu\u00edmicos, \u00f3leo e <strong><a href=\"https:\/\/webmaissistemas.com.br\/erp-para-distribuidora-de-extintores\/\" target=\"_blank\" rel=\"noreferrer noopener\">g\u00e1s<\/a><\/strong>.<\/li>\n\n\n\n<li>Empresas que est\u00e3o sendo altamente prejudicadas: turismo em geral, eventos, varejo, companhias a\u00e9reas, bares e restaurantes por exemplo.<\/li>\n<\/ul>\n\n\n\n<p>Isso nos mostra que grande parte dos neg\u00f3cios foram atingidos negativamente pela crise econ\u00f4mica gerada pela pandemia. Por isso, \u00e9 crucial que todos os neg\u00f3cios se preparem e tracem estrat\u00e9gias para a retomada e posterior estabiliza\u00e7\u00e3o da economia.<\/p>\n\n\n\n<h2 id='analise-de-cenario-que-acoes-tomar-no-curto-e-medio-prazo'><strong>An\u00e1lise de cen\u00e1rio: que a\u00e7\u00f5es tomar no curto e m\u00e9dio prazo?<\/strong><\/h2>\n\n\n\n<p>Antes de qualquer coisa, \u00e9 preciso realizar uma an\u00e1lise completa do cen\u00e1rio em que a sua empresa se encontra e, a partir disso, tra\u00e7ar planos de a\u00e7\u00e3o de curto, m\u00e9dio e longo prazo, sempre visando a manuten\u00e7\u00e3o das suas atividades, a retomada e a posterior estabiliza\u00e7\u00e3o das atividades na p\u00f3s-pandemia.<\/p>\n\n\n\n<figure class=\"wp-block-image size-full\"><a href=\"https:\/\/lp.webmaissistemas.com.br\/lp-diagnostico-webmais\" target=\"_blank\" rel=\" noreferrer noopener\"><img decoding=\"async\" width=\"728\" height=\"371\" src=\"https:\/\/webmaissistemas.com.br\/blog\/app\/uploads\/2020\/04\/banner-73-das-industrias-e-distribuidoras.webp\" alt=\"banner 73% das ind\u00fastrias e distribuidoras\" class=\"wp-image-24309\" srcset=\"https:\/\/webmaissistemas.com.br\/blog\/app\/uploads\/2020\/04\/banner-73-das-industrias-e-distribuidoras.webp 728w, https:\/\/webmaissistemas.com.br\/blog\/app\/uploads\/2020\/04\/banner-73-das-industrias-e-distribuidoras-350x178.webp 350w\" sizes=\"(max-width: 728px) 100vw, 728px\" \/><\/a><\/figure>\n\n\n\n<h3 class=\"wp-block-heading\"><strong>An\u00e1lise imediata<\/strong><\/h3>\n\n\n\n<p>\u00c9 fundamental que voc\u00ea analise de imediato a sua capacidade de liquidez, afinal, ele \u00e9 um dos principais indicadores para este momento. Al\u00e9m disso, \u00e9 importante analisar a evolu\u00e7\u00e3o da liquidez nos \u00faltimos meses. Assim, voc\u00ea poder\u00e1 verificar a sa\u00fade financeira tanto do seu neg\u00f3cio como tamb\u00e9m do meu cliente, pois se a sua liquidez est\u00e1 baixa, significa que voc\u00ea n\u00e3o est\u00e1 recebendo e que, possivelmente, seu cliente est\u00e1 com dificuldades financeiras.<\/p>\n\n\n\n<p>Outro ponto fundamental que deve ser analisado de forma imediata \u00e9 o seu plano de contas. Voc\u00ea deve manter apenas o que \u00e9 essencial. Antes de qualquer decis\u00e3o, pergunte-se: Quanto desta a\u00e7\u00e3o ir\u00e1 onerar ou preservar meu caixa? Trar\u00e1 resultado em receita no curto prazo? Esta an\u00e1lise \u00e9 fundamental antes de tomar qualquer atitude.<\/p>\n\n\n\n<h3 class=\"wp-block-heading\"><strong>A\u00e7\u00f5es de curto e m\u00e9dio prazo<\/strong><\/h3>\n\n\n\n<p>Ap\u00f3s realizar a an\u00e1lise da situa\u00e7\u00e3o atual da sua empresa, come\u00e7a a parte de definir as a\u00e7\u00f5es que ser\u00e3o tomadas em curto e m\u00e9dio prazo para manter a sua opera\u00e7\u00e3o funcionando e tamb\u00e9m estar preparado para a retomada das atividades.<\/p>\n\n\n\n<p>Preste muita aten\u00e7\u00e3o nas suas <a href=\"https:\/\/webmaissistemas.com.br\/blog\/controle-de-despesas\/\"><strong>despesas<\/strong><\/a> e verifique o que pode ser cortado e quais a\u00e7\u00f5es tomar, como por exemplo negociar com seus fornecedores, cancelar ou suspender presta\u00e7\u00f5es de servi\u00e7os ou ferramentas n\u00e3o essenciais neste momento, suspens\u00e3o de viagens e gastos em cart\u00f5es de cr\u00e9dito e a suspens\u00e3o de novas admiss\u00f5es de colaboradores.<\/p>\n\n\n\n<p>Fique atento ao seu \u00edndice de inadimpl\u00eancia e cuide da sua carteira de clientes. Negocie com os seus clientes para evitar e diminuir as chances de ele n\u00e3o efetuar os pagamentos, tente entender os motivos que levaram a isso e diversifique os meios de pagamentos. Para saber mais de como lidar com a inadimpl\u00eancia, baixe o nosso Guia de Redu\u00e7\u00e3o da Inadimpl\u00eancia.<\/p>\n\n\n\n<p>Outras a\u00e7\u00f5es que voc\u00ea pode analisar e que s\u00e3o igualmente importantes:<\/p>\n\n\n\n<ul class=\"wp-block-list\">\n<li><a href=\"https:\/\/webmaissistemas.com.br\/blog\/estoque-parado-cinco-problemas-evitaveis\/\"><strong>Estoque parado<\/strong><\/a> \u00e9 sin\u00f4nimo de dinheiro parado. Tente criar a\u00e7\u00f5es para reduzir seu estoque e com isso gerar <strong><a href=\"https:\/\/webmaissistemas.com.br\/blog\/fluxo-de-caixa-indispensavel-em-tempos-de-crise\/\" target=\"_blank\" rel=\"noreferrer noopener\">fluxo de caixa<\/a><\/strong>;<\/li>\n\n\n\n<li>Negocie ou renegocie junto ao seu banco tarifas, prazos e taxas de juros;<\/li>\n\n\n\n<li>Colocar sua equipe, ou parte dela, trabalhando home-office pode ser interessante, j\u00e1 que gastos com infra-estrutura podem ser reduzidos;<\/li>\n\n\n\n<li>Veja o que \u00e0s demais empresas est\u00e3o fazendo e verifique se \u00e9 poss\u00edvel aplicar em seu neg\u00f3cio;<\/li>\n\n\n\n<li>Participar de eventos onlines, como webinars e lives podem ser \u00f3timos para ter insights e te ajudar a passar por este momento;<\/li>\n\n\n\n<li>Fique atento \u00e0s <a href=\"https:\/\/webmaissistemas.com.br\/blog\/governo-prorroga-prazo-pagamento-simples-nacional\/\"><strong>medidas do governo<\/strong><\/a>, essa pode ser uma forma de voc\u00ea ter um f\u00f4lego em seu caixa nos pr\u00f3ximos tr\u00eas meses.<\/li>\n<\/ul>\n\n\n\n<figure class=\"wp-block-image size-full imagem-desktop\"><a href=\"https:\/\/webmaissistemas.com.br\/gerenciador-financeiro\/\" target=\"_blank\" rel=\" noreferrer noopener\"><img decoding=\"async\" width=\"728\" height=\"200\" src=\"https:\/\/webmaissistemas.com.br\/blog\/app\/uploads\/2020\/04\/banner-sistema-para-gestao-financeira.webp\" alt=\"banner sistema para gest\u00e3o financeira\" class=\"wp-image-24311\" srcset=\"https:\/\/webmaissistemas.com.br\/blog\/app\/uploads\/2020\/04\/banner-sistema-para-gestao-financeira.webp 728w, https:\/\/webmaissistemas.com.br\/blog\/app\/uploads\/2020\/04\/banner-sistema-para-gestao-financeira-350x96.webp 350w\" sizes=\"(max-width: 728px) 100vw, 728px\" \/><\/a><\/figure>\n\n\n\n<figure class=\"wp-block-image size-full imagem-mobile\"><a href=\"https:\/\/webmaissistemas.com.br\/gerenciador-financeiro\/\" target=\"_blank\" rel=\" noreferrer noopener\"><img decoding=\"async\" width=\"540\" height=\"540\" src=\"https:\/\/webmaissistemas.com.br\/blog\/app\/uploads\/2020\/04\/banner-sistema-para-gestao-financeira-MOBILE.webp\" alt=\"banner sistema para gest\u00e3o financeira\" class=\"wp-image-24310\" srcset=\"https:\/\/webmaissistemas.com.br\/blog\/app\/uploads\/2020\/04\/banner-sistema-para-gestao-financeira-MOBILE.webp 540w, https:\/\/webmaissistemas.com.br\/blog\/app\/uploads\/2020\/04\/banner-sistema-para-gestao-financeira-MOBILE-500x500.webp 500w, https:\/\/webmaissistemas.com.br\/blog\/app\/uploads\/2020\/04\/banner-sistema-para-gestao-financeira-MOBILE-350x350.webp 350w\" sizes=\"(max-width: 540px) 100vw, 540px\" \/><\/a><\/figure>\n\n\n\n<h2 id='preparacao-para-a-retomada'><strong>Prepara\u00e7\u00e3o para a retomada<\/strong><\/h2>\n\n\n\n<p>Para estar preparado para a retomada no p\u00f3s-pandemia, \u00e9 necess\u00e1rio que durante este per\u00edodo voc\u00ea mantenha algumas atividades com foco na reten\u00e7\u00e3o de clientes. Desenvolva lives e webinars para auxili\u00e1-los neste momento e, n\u00e3o pare de prospectar novos clientes.<\/p>\n\n\n\n<p>N\u00e3o esque\u00e7a de como a transforma\u00e7\u00e3o digital est\u00e1 mudando \u00e0s rela\u00e7\u00f5es de trabalho, por isso, pense no que faz sentido e \u00e9 sustent\u00e1vel no longo prazo dentro do seu segmento. E sobretudo, tenha ferramentas a sua disposi\u00e7\u00e3o que permitam uma an\u00e1lise completa da sua gest\u00e3o, assim, suas decis\u00f5es ser\u00e3o muito mais fundamentadas e assertivas.<\/p>\n\n\n\n<p>Com isso, o uso de um <a href=\"https:\/\/webmaissistemas.com.br\/blog\/o-que-e-sistema-erp\/\"><strong>software de gest\u00e3o<\/strong><\/a> completo e que permita um acesso fora do ambiente corporativo \u00e9 pe\u00e7a-chave para que a sua administra\u00e7\u00e3o e seus neg\u00f3cios sejam bem sucedidos, afinal, voc\u00ea precisa ter ci\u00eancia do que ocorre em todos os setores, n\u00e3o \u00e9 mesmo?<\/p>\n\n\n\n<p>Realizamos um Webinar exatamente sobre este assunto e voc\u00ea pode acess\u00e1-lo <strong><a href=\"https:\/\/www.youtube.com\/watch?v=1SqIy_yaqe0&amp;t=12s\">clicando aqui!<\/a><\/strong><\/p>\n\n\n\n<div role=\"main\" id=\"fundo-do-artigo-fale-com-um-especialista-103df2c0a0b2c6087827\"><\/div>\n<script type=\"text\/javascript\" src=\"https:\/\/d335luupugsy2.cloudfront.net\/js\/rdstation-forms\/stable\/rdstation-forms.min.js\"><\/script>\n<script type=\"text\/javascript\"> new RDStationForms('fundo-do-artigo-fale-com-um-especialista-103df2c0a0b2c6087827', 'UA-43092956-1').createForm();<\/script>\n","protected":false},"excerpt":{"rendered":"<p>Os per\u00edodos de crise refor\u00e7am o prop\u00f3sito das organiza\u00e7\u00f5es e transformam alguns paradigmas. Saiba como ajustar as finan\u00e7as da sua empresa ao novo cen\u00e1rio!<\/p>\n","protected":false},"author":8,"featured_media":24307,"comment_status":"open","ping_status":"open","sticky":false,"template":"","format":"standard","meta":{"_acf_changed":false,"om_disable_all_campaigns":false,"footnotes":""},"categories":[195],"tags":[292,295],"class_list":["post-3200","post","type-post","status-publish","format-standard","has-post-thumbnail","hentry","category-controle-financas","tag-coronavirus","tag-novo-cenario"],"acf":[],"yoast_head":"<!-- This site is optimized with the Yoast SEO plugin v26.9 - https:\/\/yoast.com\/product\/yoast-seo-wordpress\/ -->\n<title>Como ajustar as finan\u00e7as ao novo cen\u00e1rio? Veja aqui!<\/title>\n<meta name=\"description\" content=\"Per\u00edodos de crise transformam paradigmas, quer saber como ajustar as finan\u00e7as da sua empresa ao novo cen\u00e1rio? Acesse e leia este post!\" \/>\n<meta name=\"robots\" content=\"index, follow, max-snippet:-1, max-image-preview:large, max-video-preview:-1\" \/>\n<link rel=\"canonical\" href=\"https:\/\/webmaissistemas.com.br\/blog\/como-ajustar-financas-novo-cenario-economico\/\" \/>\n<meta property=\"og:locale\" content=\"pt_BR\" \/>\n<meta property=\"og:type\" content=\"article\" \/>\n<meta property=\"og:title\" content=\"Como ajustar as finan\u00e7as ao novo cen\u00e1rio? Veja aqui!\" \/>\n<meta property=\"og:description\" content=\"Per\u00edodos de crise transformam paradigmas, quer saber como ajustar as finan\u00e7as da sua empresa ao novo cen\u00e1rio? Acesse e leia este post!\" \/>\n<meta property=\"og:url\" content=\"https:\/\/webmaissistemas.com.br\/blog\/como-ajustar-financas-novo-cenario-economico\/\" \/>\n<meta property=\"og:site_name\" content=\"Blog WebMais - Tudo sobre Gest\u00e3o Industrial e ERP\" \/>\n<meta property=\"article:publisher\" content=\"https:\/\/www.facebook.com\/webmaissistemas\/\" \/>\n<meta property=\"article:author\" content=\"https:\/\/pt-br.facebook.com\/webmaissistemas\/\" \/>\n<meta property=\"article:published_time\" content=\"2020-04-28T16:37:47+00:00\" \/>\n<meta property=\"article:modified_time\" content=\"2026-01-26T19:32:54+00:00\" \/>\n<meta property=\"og:image\" content=\"https:\/\/webmaissistemas.com.br\/blog\/app\/uploads\/2020\/04\/Gestao-financeira-Como-ajustar-as-financas-ao-novo-cenario.webp\" \/>\n\t<meta property=\"og:image:width\" content=\"728\" \/>\n\t<meta property=\"og:image:height\" content=\"351\" \/>\n\t<meta property=\"og:image:type\" content=\"image\/webp\" \/>\n<meta name=\"author\" content=\"Sanon Matias\" \/>\n<meta name=\"twitter:card\" content=\"summary_large_image\" \/>\n<meta name=\"twitter:label1\" content=\"Escrito por\" \/>\n\t<meta name=\"twitter:data1\" content=\"Sanon Matias\" \/>\n\t<meta name=\"twitter:label2\" content=\"Est. tempo de leitura\" \/>\n\t<meta name=\"twitter:data2\" content=\"6 minutos\" \/>\n<script type=\"application\/ld+json\" class=\"yoast-schema-graph\">{\"@context\":\"https:\/\/schema.org\",\"@graph\":[{\"@type\":\"Article\",\"@id\":\"https:\/\/webmaissistemas.com.br\/blog\/como-ajustar-financas-novo-cenario-economico\/#article\",\"isPartOf\":{\"@id\":\"https:\/\/webmaissistemas.com.br\/blog\/como-ajustar-financas-novo-cenario-economico\/\"},\"author\":{\"name\":\"Sanon Matias\",\"@id\":\"https:\/\/webmaissistemas.com.br\/blog\/#\/schema\/person\/2035a40b697979c683a5139310f7abb3\"},\"headline\":\"Gest\u00e3o financeira: Como ajustar as finan\u00e7as ao novo cen\u00e1rio?\",\"datePublished\":\"2020-04-28T16:37:47+00:00\",\"dateModified\":\"2026-01-26T19:32:54+00:00\",\"mainEntityOfPage\":{\"@id\":\"https:\/\/webmaissistemas.com.br\/blog\/como-ajustar-financas-novo-cenario-economico\/\"},\"wordCount\":1032,\"commentCount\":0,\"publisher\":{\"@id\":\"https:\/\/webmaissistemas.com.br\/blog\/#organization\"},\"image\":{\"@id\":\"https:\/\/webmaissistemas.com.br\/blog\/como-ajustar-financas-novo-cenario-economico\/#primaryimage\"},\"thumbnailUrl\":\"https:\/\/webmaissistemas.com.br\/blog\/app\/uploads\/2020\/04\/Gestao-financeira-Como-ajustar-as-financas-ao-novo-cenario.webp\",\"keywords\":[\"coronav\u00edrus\",\"novo cen\u00e1rio\"],\"articleSection\":[\"Controle de finan\u00e7as\"],\"inLanguage\":\"pt-BR\",\"potentialAction\":[{\"@type\":\"CommentAction\",\"name\":\"Comment\",\"target\":[\"https:\/\/webmaissistemas.com.br\/blog\/como-ajustar-financas-novo-cenario-economico\/#respond\"]}]},{\"@type\":\"WebPage\",\"@id\":\"https:\/\/webmaissistemas.com.br\/blog\/como-ajustar-financas-novo-cenario-economico\/\",\"url\":\"https:\/\/webmaissistemas.com.br\/blog\/como-ajustar-financas-novo-cenario-economico\/\",\"name\":\"Como ajustar as finan\u00e7as ao novo cen\u00e1rio? Veja aqui!\",\"isPartOf\":{\"@id\":\"https:\/\/webmaissistemas.com.br\/blog\/#website\"},\"primaryImageOfPage\":{\"@id\":\"https:\/\/webmaissistemas.com.br\/blog\/como-ajustar-financas-novo-cenario-economico\/#primaryimage\"},\"image\":{\"@id\":\"https:\/\/webmaissistemas.com.br\/blog\/como-ajustar-financas-novo-cenario-economico\/#primaryimage\"},\"thumbnailUrl\":\"https:\/\/webmaissistemas.com.br\/blog\/app\/uploads\/2020\/04\/Gestao-financeira-Como-ajustar-as-financas-ao-novo-cenario.webp\",\"datePublished\":\"2020-04-28T16:37:47+00:00\",\"dateModified\":\"2026-01-26T19:32:54+00:00\",\"description\":\"Per\u00edodos de crise transformam paradigmas, quer saber como ajustar as finan\u00e7as da sua empresa ao novo cen\u00e1rio? Acesse e leia este post!\",\"breadcrumb\":{\"@id\":\"https:\/\/webmaissistemas.com.br\/blog\/como-ajustar-financas-novo-cenario-economico\/#breadcrumb\"},\"inLanguage\":\"pt-BR\",\"potentialAction\":[{\"@type\":\"ReadAction\",\"target\":[\"https:\/\/webmaissistemas.com.br\/blog\/como-ajustar-financas-novo-cenario-economico\/\"]}]},{\"@type\":\"ImageObject\",\"inLanguage\":\"pt-BR\",\"@id\":\"https:\/\/webmaissistemas.com.br\/blog\/como-ajustar-financas-novo-cenario-economico\/#primaryimage\",\"url\":\"https:\/\/webmaissistemas.com.br\/blog\/app\/uploads\/2020\/04\/Gestao-financeira-Como-ajustar-as-financas-ao-novo-cenario.webp\",\"contentUrl\":\"https:\/\/webmaissistemas.com.br\/blog\/app\/uploads\/2020\/04\/Gestao-financeira-Como-ajustar-as-financas-ao-novo-cenario.webp\",\"width\":728,\"height\":351,\"caption\":\"Gest\u00e3o financeira - Como ajustar as finan\u00e7as ao novo cen\u00e1rio\"},{\"@type\":\"BreadcrumbList\",\"@id\":\"https:\/\/webmaissistemas.com.br\/blog\/como-ajustar-financas-novo-cenario-economico\/#breadcrumb\",\"itemListElement\":[{\"@type\":\"ListItem\",\"position\":1,\"name\":\"In\u00edcio\",\"item\":\"https:\/\/webmaissistemas.com.br\/blog\/\"},{\"@type\":\"ListItem\",\"position\":2,\"name\":\"Controle de finan\u00e7as\",\"item\":\"https:\/\/webmaissistemas.com.br\/blog\/controle-financas\/\"},{\"@type\":\"ListItem\",\"position\":3,\"name\":\"Gest\u00e3o financeira: Como ajustar as finan\u00e7as ao novo cen\u00e1rio?\"}]},{\"@type\":\"WebSite\",\"@id\":\"https:\/\/webmaissistemas.com.br\/blog\/#website\",\"url\":\"https:\/\/webmaissistemas.com.br\/blog\/\",\"name\":\"Blog WebMais - Tudo sobre Gest\u00e3o Industrial e ERP\",\"description\":\"Aqui no blog da WebMais voc\u00ea fica por dentro de tudo o que \u00e9 novidade sobre o mundo da gest\u00e3o de ind\u00fastrias e distribuidoras.\",\"publisher\":{\"@id\":\"https:\/\/webmaissistemas.com.br\/blog\/#organization\"},\"potentialAction\":[{\"@type\":\"SearchAction\",\"target\":{\"@type\":\"EntryPoint\",\"urlTemplate\":\"https:\/\/webmaissistemas.com.br\/blog\/?s={search_term_string}\"},\"query-input\":{\"@type\":\"PropertyValueSpecification\",\"valueRequired\":true,\"valueName\":\"search_term_string\"}}],\"inLanguage\":\"pt-BR\"},{\"@type\":\"Organization\",\"@id\":\"https:\/\/webmaissistemas.com.br\/blog\/#organization\",\"name\":\"WebMais Sistemas\",\"url\":\"https:\/\/webmaissistemas.com.br\/blog\/\",\"logo\":{\"@type\":\"ImageObject\",\"inLanguage\":\"pt-BR\",\"@id\":\"https:\/\/webmaissistemas.com.br\/blog\/#\/schema\/logo\/image\/\",\"url\":\"https:\/\/webmaissistemas.com.br\/blog\/app\/uploads\/2021\/04\/logo-blog.jpg\",\"contentUrl\":\"https:\/\/webmaissistemas.com.br\/blog\/app\/uploads\/2021\/04\/logo-blog.jpg\",\"width\":800,\"height\":118,\"caption\":\"WebMais Sistemas\"},\"image\":{\"@id\":\"https:\/\/webmaissistemas.com.br\/blog\/#\/schema\/logo\/image\/\"},\"sameAs\":[\"https:\/\/www.facebook.com\/webmaissistemas\/\",\"https:\/\/www.instagram.com\/webmais_sistemas\",\"https:\/\/br.linkedin.com\/company\/webmais-sistemas\",\"https:\/\/www.youtube.com\/channel\/UCfTCVlfTTPXpVoXJDRJ3pRQ\"]},{\"@type\":\"Person\",\"@id\":\"https:\/\/webmaissistemas.com.br\/blog\/#\/schema\/person\/2035a40b697979c683a5139310f7abb3\",\"name\":\"Sanon Matias\",\"image\":{\"@type\":\"ImageObject\",\"inLanguage\":\"pt-BR\",\"@id\":\"https:\/\/webmaissistemas.com.br\/blog\/#\/schema\/person\/image\/\",\"url\":\"https:\/\/secure.gravatar.com\/avatar\/0080f22f5cfa42b324d52cb806afc8a951fc807c46e23d8daa6528befd097208?s=96&d=mm&r=g\",\"contentUrl\":\"https:\/\/secure.gravatar.com\/avatar\/0080f22f5cfa42b324d52cb806afc8a951fc807c46e23d8daa6528befd097208?s=96&d=mm&r=g\",\"caption\":\"Sanon Matias\"},\"description\":\"Fundador da WebMais Sistemas, Sanon Matias Fortunato possui mais de 25 anos de experi\u00eancia em diversas vertentes das tecnologias e gest\u00e3o empresarial, com \u00eanfase em Ind\u00fastria e Distribui\u00e7\u00e3o. Profundo conhecedor da \u00e1rea comercial, Funil de vendas, CRM, Indicadores, M\u00eddias Pagas, SEO, Inbound Marketing, Adwords, FacebookAds, Rede Sociais, Sucesso de Cliente e Canais de Parcerias.\",\"sameAs\":[\"https:\/\/webmaissistemas.com.br\/\",\"https:\/\/pt-br.facebook.com\/webmaissistemas\/\",\"https:\/\/www.instagram.com\/sanonmatias\/?hl=en\",\"https:\/\/www.linkedin.com\/in\/sanonmatias\/\",\"https:\/\/www.youtube.com\/channel\/UCfTCVlfTTPXpVoXJDRJ3pRQ\"],\"url\":\"https:\/\/webmaissistemas.com.br\/blog\/author\/sanon\/\"}]}<\/script>\n<!-- \/ Yoast SEO plugin. -->","yoast_head_json":{"title":"Como ajustar as finan\u00e7as ao novo cen\u00e1rio? Veja aqui!","description":"Per\u00edodos de crise transformam paradigmas, quer saber como ajustar as finan\u00e7as da sua empresa ao novo cen\u00e1rio? Acesse e leia este post!","robots":{"index":"index","follow":"follow","max-snippet":"max-snippet:-1","max-image-preview":"max-image-preview:large","max-video-preview":"max-video-preview:-1"},"canonical":"https:\/\/webmaissistemas.com.br\/blog\/como-ajustar-financas-novo-cenario-economico\/","og_locale":"pt_BR","og_type":"article","og_title":"Como ajustar as finan\u00e7as ao novo cen\u00e1rio? Veja aqui!","og_description":"Per\u00edodos de crise transformam paradigmas, quer saber como ajustar as finan\u00e7as da sua empresa ao novo cen\u00e1rio? Acesse e leia este post!","og_url":"https:\/\/webmaissistemas.com.br\/blog\/como-ajustar-financas-novo-cenario-economico\/","og_site_name":"Blog WebMais - Tudo sobre Gest\u00e3o Industrial e ERP","article_publisher":"https:\/\/www.facebook.com\/webmaissistemas\/","article_author":"https:\/\/pt-br.facebook.com\/webmaissistemas\/","article_published_time":"2020-04-28T16:37:47+00:00","article_modified_time":"2026-01-26T19:32:54+00:00","og_image":[{"width":728,"height":351,"url":"https:\/\/webmaissistemas.com.br\/blog\/app\/uploads\/2020\/04\/Gestao-financeira-Como-ajustar-as-financas-ao-novo-cenario.webp","type":"image\/webp"}],"author":"Sanon Matias","twitter_card":"summary_large_image","twitter_misc":{"Escrito por":"Sanon Matias","Est. tempo de leitura":"6 minutos"},"schema":{"@context":"https:\/\/schema.org","@graph":[{"@type":"Article","@id":"https:\/\/webmaissistemas.com.br\/blog\/como-ajustar-financas-novo-cenario-economico\/#article","isPartOf":{"@id":"https:\/\/webmaissistemas.com.br\/blog\/como-ajustar-financas-novo-cenario-economico\/"},"author":{"name":"Sanon Matias","@id":"https:\/\/webmaissistemas.com.br\/blog\/#\/schema\/person\/2035a40b697979c683a5139310f7abb3"},"headline":"Gest\u00e3o financeira: Como ajustar as finan\u00e7as ao novo cen\u00e1rio?","datePublished":"2020-04-28T16:37:47+00:00","dateModified":"2026-01-26T19:32:54+00:00","mainEntityOfPage":{"@id":"https:\/\/webmaissistemas.com.br\/blog\/como-ajustar-financas-novo-cenario-economico\/"},"wordCount":1032,"commentCount":0,"publisher":{"@id":"https:\/\/webmaissistemas.com.br\/blog\/#organization"},"image":{"@id":"https:\/\/webmaissistemas.com.br\/blog\/como-ajustar-financas-novo-cenario-economico\/#primaryimage"},"thumbnailUrl":"https:\/\/webmaissistemas.com.br\/blog\/app\/uploads\/2020\/04\/Gestao-financeira-Como-ajustar-as-financas-ao-novo-cenario.webp","keywords":["coronav\u00edrus","novo cen\u00e1rio"],"articleSection":["Controle de finan\u00e7as"],"inLanguage":"pt-BR","potentialAction":[{"@type":"CommentAction","name":"Comment","target":["https:\/\/webmaissistemas.com.br\/blog\/como-ajustar-financas-novo-cenario-economico\/#respond"]}]},{"@type":"WebPage","@id":"https:\/\/webmaissistemas.com.br\/blog\/como-ajustar-financas-novo-cenario-economico\/","url":"https:\/\/webmaissistemas.com.br\/blog\/como-ajustar-financas-novo-cenario-economico\/","name":"Como ajustar as finan\u00e7as ao novo cen\u00e1rio? Veja aqui!","isPartOf":{"@id":"https:\/\/webmaissistemas.com.br\/blog\/#website"},"primaryImageOfPage":{"@id":"https:\/\/webmaissistemas.com.br\/blog\/como-ajustar-financas-novo-cenario-economico\/#primaryimage"},"image":{"@id":"https:\/\/webmaissistemas.com.br\/blog\/como-ajustar-financas-novo-cenario-economico\/#primaryimage"},"thumbnailUrl":"https:\/\/webmaissistemas.com.br\/blog\/app\/uploads\/2020\/04\/Gestao-financeira-Como-ajustar-as-financas-ao-novo-cenario.webp","datePublished":"2020-04-28T16:37:47+00:00","dateModified":"2026-01-26T19:32:54+00:00","description":"Per\u00edodos de crise transformam paradigmas, quer saber como ajustar as finan\u00e7as da sua empresa ao novo cen\u00e1rio? Acesse e leia este post!","breadcrumb":{"@id":"https:\/\/webmaissistemas.com.br\/blog\/como-ajustar-financas-novo-cenario-economico\/#breadcrumb"},"inLanguage":"pt-BR","potentialAction":[{"@type":"ReadAction","target":["https:\/\/webmaissistemas.com.br\/blog\/como-ajustar-financas-novo-cenario-economico\/"]}]},{"@type":"ImageObject","inLanguage":"pt-BR","@id":"https:\/\/webmaissistemas.com.br\/blog\/como-ajustar-financas-novo-cenario-economico\/#primaryimage","url":"https:\/\/webmaissistemas.com.br\/blog\/app\/uploads\/2020\/04\/Gestao-financeira-Como-ajustar-as-financas-ao-novo-cenario.webp","contentUrl":"https:\/\/webmaissistemas.com.br\/blog\/app\/uploads\/2020\/04\/Gestao-financeira-Como-ajustar-as-financas-ao-novo-cenario.webp","width":728,"height":351,"caption":"Gest\u00e3o financeira - Como ajustar as finan\u00e7as ao novo cen\u00e1rio"},{"@type":"BreadcrumbList","@id":"https:\/\/webmaissistemas.com.br\/blog\/como-ajustar-financas-novo-cenario-economico\/#breadcrumb","itemListElement":[{"@type":"ListItem","position":1,"name":"In\u00edcio","item":"https:\/\/webmaissistemas.com.br\/blog\/"},{"@type":"ListItem","position":2,"name":"Controle de finan\u00e7as","item":"https:\/\/webmaissistemas.com.br\/blog\/controle-financas\/"},{"@type":"ListItem","position":3,"name":"Gest\u00e3o financeira: Como ajustar as finan\u00e7as ao novo cen\u00e1rio?"}]},{"@type":"WebSite","@id":"https:\/\/webmaissistemas.com.br\/blog\/#website","url":"https:\/\/webmaissistemas.com.br\/blog\/","name":"Blog WebMais - Tudo sobre Gest\u00e3o Industrial e ERP","description":"Aqui no blog da WebMais voc\u00ea fica por dentro de tudo o que \u00e9 novidade sobre o mundo da gest\u00e3o de ind\u00fastrias e distribuidoras.","publisher":{"@id":"https:\/\/webmaissistemas.com.br\/blog\/#organization"},"potentialAction":[{"@type":"SearchAction","target":{"@type":"EntryPoint","urlTemplate":"https:\/\/webmaissistemas.com.br\/blog\/?s={search_term_string}"},"query-input":{"@type":"PropertyValueSpecification","valueRequired":true,"valueName":"search_term_string"}}],"inLanguage":"pt-BR"},{"@type":"Organization","@id":"https:\/\/webmaissistemas.com.br\/blog\/#organization","name":"WebMais Sistemas","url":"https:\/\/webmaissistemas.com.br\/blog\/","logo":{"@type":"ImageObject","inLanguage":"pt-BR","@id":"https:\/\/webmaissistemas.com.br\/blog\/#\/schema\/logo\/image\/","url":"https:\/\/webmaissistemas.com.br\/blog\/app\/uploads\/2021\/04\/logo-blog.jpg","contentUrl":"https:\/\/webmaissistemas.com.br\/blog\/app\/uploads\/2021\/04\/logo-blog.jpg","width":800,"height":118,"caption":"WebMais Sistemas"},"image":{"@id":"https:\/\/webmaissistemas.com.br\/blog\/#\/schema\/logo\/image\/"},"sameAs":["https:\/\/www.facebook.com\/webmaissistemas\/","https:\/\/www.instagram.com\/webmais_sistemas","https:\/\/br.linkedin.com\/company\/webmais-sistemas","https:\/\/www.youtube.com\/channel\/UCfTCVlfTTPXpVoXJDRJ3pRQ"]},{"@type":"Person","@id":"https:\/\/webmaissistemas.com.br\/blog\/#\/schema\/person\/2035a40b697979c683a5139310f7abb3","name":"Sanon Matias","image":{"@type":"ImageObject","inLanguage":"pt-BR","@id":"https:\/\/webmaissistemas.com.br\/blog\/#\/schema\/person\/image\/","url":"https:\/\/secure.gravatar.com\/avatar\/0080f22f5cfa42b324d52cb806afc8a951fc807c46e23d8daa6528befd097208?s=96&d=mm&r=g","contentUrl":"https:\/\/secure.gravatar.com\/avatar\/0080f22f5cfa42b324d52cb806afc8a951fc807c46e23d8daa6528befd097208?s=96&d=mm&r=g","caption":"Sanon Matias"},"description":"Fundador da WebMais Sistemas, Sanon Matias Fortunato possui mais de 25 anos de experi\u00eancia em diversas vertentes das tecnologias e gest\u00e3o empresarial, com \u00eanfase em Ind\u00fastria e Distribui\u00e7\u00e3o. Profundo conhecedor da \u00e1rea comercial, Funil de vendas, CRM, Indicadores, M\u00eddias Pagas, SEO, Inbound Marketing, Adwords, FacebookAds, Rede Sociais, Sucesso de Cliente e Canais de Parcerias.","sameAs":["https:\/\/webmaissistemas.com.br\/","https:\/\/pt-br.facebook.com\/webmaissistemas\/","https:\/\/www.instagram.com\/sanonmatias\/?hl=en","https:\/\/www.linkedin.com\/in\/sanonmatias\/","https:\/\/www.youtube.com\/channel\/UCfTCVlfTTPXpVoXJDRJ3pRQ"],"url":"https:\/\/webmaissistemas.com.br\/blog\/author\/sanon\/"}]}},"_links":{"self":[{"href":"https:\/\/webmaissistemas.com.br\/blog\/wp-json\/wp\/v2\/posts\/3200","targetHints":{"allow":["GET"]}}],"collection":[{"href":"https:\/\/webmaissistemas.com.br\/blog\/wp-json\/wp\/v2\/posts"}],"about":[{"href":"https:\/\/webmaissistemas.com.br\/blog\/wp-json\/wp\/v2\/types\/post"}],"author":[{"embeddable":true,"href":"https:\/\/webmaissistemas.com.br\/blog\/wp-json\/wp\/v2\/users\/8"}],"replies":[{"embeddable":true,"href":"https:\/\/webmaissistemas.com.br\/blog\/wp-json\/wp\/v2\/comments?post=3200"}],"version-history":[{"count":7,"href":"https:\/\/webmaissistemas.com.br\/blog\/wp-json\/wp\/v2\/posts\/3200\/revisions"}],"predecessor-version":[{"id":24313,"href":"https:\/\/webmaissistemas.com.br\/blog\/wp-json\/wp\/v2\/posts\/3200\/revisions\/24313"}],"wp:featuredmedia":[{"embeddable":true,"href":"https:\/\/webmaissistemas.com.br\/blog\/wp-json\/wp\/v2\/media\/24307"}],"wp:attachment":[{"href":"https:\/\/webmaissistemas.com.br\/blog\/wp-json\/wp\/v2\/media?parent=3200"}],"wp:term":[{"taxonomy":"category","embeddable":true,"href":"https:\/\/webmaissistemas.com.br\/blog\/wp-json\/wp\/v2\/categories?post=3200"},{"taxonomy":"post_tag","embeddable":true,"href":"https:\/\/webmaissistemas.com.br\/blog\/wp-json\/wp\/v2\/tags?post=3200"}],"curies":[{"name":"wp","href":"https:\/\/api.w.org\/{rel}","templated":true}]}}