{"id":8718,"date":"2022-06-09T08:00:00","date_gmt":"2022-06-09T11:00:00","guid":{"rendered":"https:\/\/webmaissistemas.com.br\/blog\/?p=8718"},"modified":"2026-02-04T14:31:03","modified_gmt":"2026-02-04T17:31:03","slug":"ppra","status":"publish","type":"post","link":"https:\/\/webmaissistemas.com.br\/blog\/ppra\/","title":{"rendered":"Programa de Preven\u00e7\u00e3o de Riscos Ambientais (PPRA): Tudo o Que Voc\u00ea Precisa Saber"},"content":{"rendered":"\n<p><strong>PPRA<\/strong> significa Programa de Riscos Ambientais. O programa re\u00fane uma s\u00e9rie de normas que devem ser seguidas por empresas para tornar o ambiente de trabalho mais seguro para a equipe, diminuindo os riscos de preju\u00edzos \u00e0 sa\u00fade.<\/p>\n\n\n\n<p>Neste artigo, voc\u00ea vai conhecer melhor o<strong> PPRA<\/strong> e sua estrutura, conhecer a sua import\u00e2ncia e saber como implement\u00e1-lo dentro da sua empresa. Boa leitura!<\/p>\n\n\n\n<h2 id='o-que-e-ppra-e-para-que-serve'>O Que \u00c9 PPRA E Para Que Serve?<\/h2>\n\n\n\n<p>O <strong>PPRA<\/strong>, ou Programa de Preven\u00e7\u00e3o de Riscos Ambientais, foi criado a partir da Norma Regulamentadora n\u00ba 9 e traz a\u00e7\u00f5es, iniciativas e projetos para que as empresas tornem seu ambiente de trabalho mais seguro para os colaboradores.<\/p>\n\n\n\n<p>Todas as a\u00e7\u00f5es previstas pelo<strong> PPRA<\/strong> t\u00eam influ\u00eancia direta no desempenho da empresa, seja no curto, m\u00e9dio ou longo prazo.<\/p>\n\n\n\n<p>\u00c9 importante deixar claro que os riscos ambientais n\u00e3o abrangem os riscos ergon\u00f4micos, que s\u00e3o aqueles relacionados \u00e0 postura inadequada e repetitividade, por exemplo, e nem os riscos de acidentes.<\/p>\n\n\n\n<h3 class=\"wp-block-heading\">Quais S\u00e3o os Riscos Ambientais?<\/h3>\n\n\n\n<p>Segundo a NR 9, os riscos ambientais englobam agentes f\u00edsicos, qu\u00edmicos e biol\u00f3gicos.&nbsp;<\/p>\n\n\n\n<p>Os agentes f\u00edsicos s\u00e3o algumas formas de energia a que um trabalhador pode estar submetido em suas atividades, como temperaturas extremas, radia\u00e7\u00f5es, ultrassom e ru\u00eddos, entre outras.<\/p>\n\n\n\n<p>J\u00e1 os agentes qu\u00edmicos s\u00e3o produtos e subst\u00e2ncias que podem entrar no organismo por via respirat\u00f3ria, pela ingest\u00e3o ou pelo contato com a pele. E os agentes biol\u00f3gicos s\u00e3o vivos, como v\u00edrus, bact\u00e9rias e fungos, por exemplo.<\/p>\n\n\n\n<p>Para um Programa de Riscos Ambientais eficaz, todos esses agentes devem ser considerados na hora da elabora\u00e7\u00e3o do programa.<\/p>\n\n\n\n<h2 id='qual-e-a-estrutura-do-ppra'>Qual \u00c9 a Estrutura do PPRA?<\/h2>\n\n\n\n<figure class=\"wp-block-image size-full\"><img decoding=\"async\" width=\"962\" height=\"648\" src=\"https:\/\/webmaissistemas.com.br\/blog\/app\/uploads\/2022\/06\/Estrutura-minima-do-PPRA.webp\" alt=\"Estrutura m\u00ednima do PPRA\" class=\"wp-image-24568\" srcset=\"https:\/\/webmaissistemas.com.br\/blog\/app\/uploads\/2022\/06\/Estrutura-minima-do-PPRA.webp 962w, https:\/\/webmaissistemas.com.br\/blog\/app\/uploads\/2022\/06\/Estrutura-minima-do-PPRA-728x490.webp 728w, https:\/\/webmaissistemas.com.br\/blog\/app\/uploads\/2022\/06\/Estrutura-minima-do-PPRA-350x236.webp 350w, https:\/\/webmaissistemas.com.br\/blog\/app\/uploads\/2022\/06\/Estrutura-minima-do-PPRA-768x517.webp 768w\" sizes=\"(max-width: 962px) 100vw, 962px\" \/><\/figure>\n\n\n\n<p>A NR 9 determina uma estrutura m\u00ednima para o <strong>PPRA<\/strong>, indicando alguns pontos que n\u00e3o podem faltar. Mas, al\u00e9m desses, \u00e9 poss\u00edvel criar outros pontos de acordo com as especificidades da sua ind\u00fastria.<\/p>\n\n\n\n<p>Essa \u00e9 a estrutura m\u00ednima do Programa de Riscos Ambientais:<\/p>\n\n\n\n<ul class=\"wp-block-list\">\n<li>planejamento anual com defini\u00e7\u00e3o de metas e prioridades;<\/li>\n\n\n\n<li>estrat\u00e9gias e metodologias para sua aplica\u00e7\u00e3o;<\/li>\n\n\n\n<li>documenta\u00e7\u00e3o das a\u00e7\u00f5es praticadas;<\/li>\n\n\n\n<li>divulga\u00e7\u00e3o e manuten\u00e7\u00e3o dos dados;<\/li>\n\n\n\n<li>forma e periodicidade de avalia\u00e7\u00e3o do desempenho do <strong>PPRA<\/strong>.<\/li>\n<\/ul>\n\n\n\n<h2 id='qual-e-a-importancia-do-ppra-para-a-sua-empresa'>Qual \u00c9 a Import\u00e2ncia do PPRA Para a Sua Empresa?<\/h2>\n\n\n\n<p>O <strong>PPRA<\/strong> \u00e9 uma obriga\u00e7\u00e3o para as empresas, mas a sua import\u00e2ncia vai al\u00e9m do cumprimento de uma regra.&nbsp;<\/p>\n\n\n\n<p>Ele \u00e9 fundamental para a manuten\u00e7\u00e3o da seguran\u00e7a de todas as pessoas que atuam em uma organiza\u00e7\u00e3o, tendo rela\u00e7\u00e3o direta com a sua sa\u00fade e <a href=\"https:\/\/webmaissistemas.com.br\/blog\/impacto-erp-na-produtividade-equipe\/\" target=\"_blank\" rel=\"noreferrer noopener\"><strong>produtividade<\/strong><\/a>.<\/p>\n\n\n\n<p>Um <strong>PPRA <\/strong>bem elaborado diminui consideravelmente as chances de problemas de sa\u00fade causados nos colaboradores por exposi\u00e7\u00e3o a agentes nocivos. E os impactos s\u00e3o positivos tanto para o time como para a empresa.<\/p>\n\n\n\n<p>O time passa a trabalhar com mais seguran\u00e7a e mais satisfa\u00e7\u00e3o, enquanto a empresa <a href=\"https:\/\/webmaissistemas.com.br\/controle-de-custos\/\" target=\"_blank\" rel=\"noreferrer noopener\"><strong>diminui os custos<\/strong><\/a> demandas judiciais, melhora a sua credibilidade e imagem perante funcion\u00e1rios e p\u00fablico.<\/p>\n\n\n\n<h2 id='quem-e-o-responsavel-pela-implantacao-do-programa'>Quem \u00c9 o Respons\u00e1vel Pela Implanta\u00e7\u00e3o do Programa?<\/h2>\n\n\n\n<p>A empresa \u00e9 a respons\u00e1vel pela implanta\u00e7\u00e3o do <strong>PPRA<\/strong>. \u00c9 sua obriga\u00e7\u00e3o criar a estrutura do programa e tra\u00e7ar as metas e estrat\u00e9gias.&nbsp;<\/p>\n\n\n\n<p>No entanto, o sucesso do <strong>PPRA<\/strong> depende tamb\u00e9m do engajamento de todas as pessoas que trabalham na organiza\u00e7\u00e3o. Por isso, a conscientiza\u00e7\u00e3o do time sobre a import\u00e2ncia de seguir as normas do programa pode ser uma das a\u00e7\u00f5es previstas.<\/p>\n\n\n\n<h2 id='quais-empresas-sao-obrigadas-a-implantar-o-ppra'>Quais Empresas S\u00e3o Obrigadas a Implantar o PPRA?<\/h2>\n\n\n\n<p>Todas as empresas estabelecidas no Brasil que sejam regidas pelo modelo CLT devem ter um <strong>PPRA<\/strong>, independentemente do seu porte ou natureza. Ter um documento n\u00e3o \u00e9 obrigat\u00f3rio, mas \u00e9 interessante ter esse registro para apresentar em casos de fiscaliza\u00e7\u00e3o.<\/p>\n\n\n\n<p>No entanto, o mais importante nesses casos \u00e9 demonstrar como as a\u00e7\u00f5es do <strong>PPRA<\/strong> est\u00e3o sendo implementadas na pr\u00e1tica, para que os fiscais entendam o que acontece no dia a dia da empresa. Um documento sem a comprova\u00e7\u00e3o pr\u00e1tica n\u00e3o tem valor para os \u00f3rg\u00e3os fiscalizadores.<\/p>\n\n\n\n<h2 id='como-desenvolver-um-ppra'>Como Desenvolver Um PPRA?<\/h2>\n\n\n\n<figure class=\"wp-block-image size-large\"><img decoding=\"async\" width=\"637\" height=\"800\" src=\"https:\/\/webmaissistemas.com.br\/blog\/app\/uploads\/2022\/06\/etapas-desenvolvimento-PPRA-637x800.webp\" alt=\"etapas desenvolvimento PPRA\" class=\"wp-image-24569\" srcset=\"https:\/\/webmaissistemas.com.br\/blog\/app\/uploads\/2022\/06\/etapas-desenvolvimento-PPRA-637x800.webp 637w, https:\/\/webmaissistemas.com.br\/blog\/app\/uploads\/2022\/06\/etapas-desenvolvimento-PPRA-398x500.webp 398w, https:\/\/webmaissistemas.com.br\/blog\/app\/uploads\/2022\/06\/etapas-desenvolvimento-PPRA-279x350.webp 279w, https:\/\/webmaissistemas.com.br\/blog\/app\/uploads\/2022\/06\/etapas-desenvolvimento-PPRA-768x964.webp 768w, https:\/\/webmaissistemas.com.br\/blog\/app\/uploads\/2022\/06\/etapas-desenvolvimento-PPRA.webp 900w\" sizes=\"(max-width: 637px) 100vw, 637px\" \/><\/figure>\n\n\n\n<p>Segundo a NR 9, o desenvolvimento do <strong>PPRA<\/strong> deve conter as seguintes etapas:<\/p>\n\n\n\n<ul class=\"wp-block-list\">\n<li>levantamento dos riscos;<\/li>\n\n\n\n<li>estabelecimento de metas e prioridades;<\/li>\n\n\n\n<li><a href=\"https:\/\/webmaissistemas.com.br\/blog\/analise-de-risco\/\" target=\"_blank\" rel=\"noreferrer noopener\"><strong>avalia\u00e7\u00e3o dos riscos<\/strong><\/a> e da exposi\u00e7\u00e3o dos trabalhadores a cada um deles;<\/li>\n\n\n\n<li>defini\u00e7\u00e3o e implanta\u00e7\u00e3o das medidas de controle;<\/li>\n\n\n\n<li>avalia\u00e7\u00e3o da efic\u00e1cia dessas medidas;<\/li>\n\n\n\n<li>monitoramento da exposi\u00e7\u00e3o aos riscos;<\/li>\n\n\n\n<li>registro e divulga\u00e7\u00e3o dos dados.<\/li>\n<\/ul>\n\n\n\n<h2 id='como-deve-ser-feito-o-acompanhamento-do-ppra'>Como Deve Ser Feito o Acompanhamento do PPRA?<\/h2>\n\n\n\n<p>\u00c9 muito importante que o <strong>PPRA<\/strong> seja acompanhado periodicamente. Para isso, a empresa deve estabelecer um formato de auditoria interna, com normas para registro e documenta\u00e7\u00e3o, de modo que os dados possam ser analisados e, a partir disso, tra\u00e7ados planos de melhoria.<\/p>\n\n\n\n<p>O mais comum \u00e9 que esse acompanhamento seja feito pelo time de Seguran\u00e7a e Medicina do Trabalho, mas, caso esse setor n\u00e3o exista na sua organiza\u00e7\u00e3o, voc\u00ea pode criar um comit\u00ea especialmente para essa fun\u00e7\u00e3o.<\/p>\n\n\n\n<h2 id='quais-as-principais-diferencas-entre-ppra-e-pgr'>Quais as Principais Diferen\u00e7as Entre PPRA E PGR?<\/h2>\n\n\n\n<p>A partir de janeiro de 2022, o <strong>PPRA<\/strong> foi substitu\u00eddo pelo PGR. A substitui\u00e7\u00e3o estava prevista na Portaria n\u00ba 8.873, de julho de 2021.&nbsp;<\/p>\n\n\n\n<p>O PGR tamb\u00e9m \u00e9 uma ferramenta gerencial que tem o objetivo de diminuir os riscos em uma organiza\u00e7\u00e3o, preservando a sa\u00fade e a integridade dos colaboradores.&nbsp;<\/p>\n\n\n\n<p>A principal diferen\u00e7a \u00e9 que o PGR \u00e9 mais amplo, e n\u00e3o foca somente na identifica\u00e7\u00e3o de riscos, como acontecia com o <strong>PPRA<\/strong>.<\/p>\n\n\n\n<p>Al\u00e9m disso, ele abrange ainda os riscos ergon\u00f4micos e de acidentes, sendo considerado uma amplia\u00e7\u00e3o do <strong>PPRA<\/strong>, pois traz novas regras e defini\u00e7\u00f5es.<\/p>\n\n\n\n<h2 id='como-fica-a-transicao-do-ppra-para-o-pgr'>Como Fica a Transi\u00e7\u00e3o do PPRA Para o PGR?<\/h2>\n\n\n\n<p>Por ser mais amplo, o PGR exige um acompanhamento mais pr\u00f3ximo e tamb\u00e9m mais frequente. O PGR \u00e9 considerado um programa de melhoria cont\u00ednua, por isso, o ideal pe que esse acompanhamento seja constante.<\/p>\n\n\n\n<p>O primeiro passo para fazer a transi\u00e7\u00e3o \u00e9 estudar o PGR detalhadamente, para entender quais medidas devem ser acrescentadas ao que j\u00e1 era praticado pela empresa com o <strong>PPRA<\/strong>.<\/p>\n\n\n\n<h2 id='quais-sao-os-desafios-na-transicao-do-ppra-para-o-pgr'>Quais S\u00e3o os Desafios Na Transi\u00e7\u00e3o do PPRA Para o PGR?<\/h2>\n\n\n\n<p>Um dos principais desafios na implementa\u00e7\u00e3o do PGR \u00e9 a sua integra\u00e7\u00e3o com os demais programas de seguran\u00e7a do trabalho da empresa.&nbsp; Al\u00e9m disso, ele deve ser atualizado a cada dois anos, no formato de hist\u00f3ricos.&nbsp;<\/p>\n\n\n\n<p>Al\u00e9m disso, o PGR \u00e9 um documento vivo, que deve ser atualizado sempre que acontecer alguma mudan\u00e7a nas pr\u00e1ticas da organiza\u00e7\u00e3o.<\/p>\n\n\n\n<h2 id='conclusao'>Conclus\u00e3o<\/h2>\n\n\n\n<p>A sa\u00fade e a seguran\u00e7a dos trabalhadores s\u00e3o fundamentais para o sucesso de uma empresa, independentemente da sua \u00e1rea de atua\u00e7\u00e3o.&nbsp;<\/p>\n\n\n\n<p>Conhecer o <strong>PPRA<\/strong> e o PGR e colocar em pr\u00e1tica estrat\u00e9gias para melhorar a seguran\u00e7a no ambiente de trabalho \u00e9 uma forma de diminuir significativamente os riscos \u2014 e que tamb\u00e9m trazem impactos positivos para o neg\u00f3cio.<\/p>\n\n\n\n<p>Depois de colocar as medidas previstas em pr\u00e1tica, n\u00e3o deixe de monitorar o seu desempenho e&nbsp; aplicar as melhorias necess\u00e1rias, de modo a ter um ambiente de trabalho cada vez mais seguro!<\/p>\n\n\n\n<div role=\"main\" id=\"fundo-do-artigo-fale-com-um-especialista-103df2c0a0b2c6087827\"><\/div><script type=\"text\/javascript\" src=\"https:\/\/d335luupugsy2.cloudfront.net\/js\/rdstation-forms\/stable\/rdstation-forms.min.js\"><\/script><script type=\"text\/javascript\"> new RDStationForms('fundo-do-artigo-fale-com-um-especialista-103df2c0a0b2c6087827', 'UA-43092956-1').createForm();<\/script>\n\n\n\n<script type=\"application\/ld+json\">\n{\n  \"@context\": \"https:\/\/schema.org\",\n  \"@type\": \"FAQPage\",\n  \"mainEntity\": [{\n    \"@type\": \"Question\",\n    \"name\": \"O Que \u00c9 PPRA E Para Que Serve?\",\n    \"acceptedAnswer\": {\n      \"@type\": \"Answer\",\n      \"text\": \"O PPRA, ou Programa de Preven\u00e7\u00e3o de Riscos Ambientais, foi criado a partir da Norma Regulamentadora n\u00ba 9 e traz a\u00e7\u00f5es, iniciativas e projetos para que as empresas tornem seu ambiente de trabalho mais seguro para os colaboradores.\n\nTodas as a\u00e7\u00f5es previstas pelo PPRA t\u00eam influ\u00eancia direta no desempenho da empresa, seja no curto, m\u00e9dio ou longo prazo.\"\n    }\n  },{\n    \"@type\": \"Question\",\n    \"name\": \"Quais Empresas S\u00e3o Obrigadas a Implantar o PPRA?\",\n    \"acceptedAnswer\": {\n      \"@type\": \"Answer\",\n      \"text\": \"Todas as empresas estabelecidas no Brasil que sejam regidas pelo modelo CLT devem ter um PPRA, independentemente do seu porte ou natureza. Ter um documento n\u00e3o \u00e9 obrigat\u00f3rio, mas \u00e9 interessante ter esse registro para apresentar em casos de fiscaliza\u00e7\u00e3o.\n\nNo entanto, o mais importante nesses casos \u00e9 demonstrar como as a\u00e7\u00f5es do PPRA est\u00e3o sendo implementadas na pr\u00e1tica, para que os fiscais entendam o que acontece no dia a dia da empresa.\"\n    }\n  }]\n}\n<\/script>\n","protected":false},"excerpt":{"rendered":"<p>PPRA significa Programa de Riscos Ambientais. O programa re\u00fane uma s\u00e9rie de normas que devem ser seguidas por empresas para tornar o ambiente de trabalho mais seguro para a equipe, diminuindo os riscos de preju\u00edzos \u00e0 sa\u00fade.<\/p>\n<p>Neste artigo, voc\u00ea vai conhecer melhor o PPRA e sua estrutura, conhecer a sua import\u00e2ncia e saber como implement\u00e1-lo dentro da sua empresa. Boa leitura!<\/p>\n","protected":false},"author":8,"featured_media":24567,"comment_status":"open","ping_status":"open","sticky":false,"template":"","format":"standard","meta":{"_acf_changed":false,"om_disable_all_campaigns":false,"footnotes":""},"categories":[200],"tags":[565,571,603,605,604],"class_list":["post-8718","post","type-post","status-publish","format-standard","has-post-thumbnail","hentry","category-gestao-negocios","tag-5s","tag-gestao-de-producao","tag-ppra","tag-prevencao-de-riscos","tag-programa-de-prevencao-de-riscos-ambientais"],"acf":[],"yoast_head":"<!-- This site is optimized with the Yoast SEO plugin v26.9 - https:\/\/yoast.com\/product\/yoast-seo-wordpress\/ -->\n<title>PPRA (Programa de Preven\u00e7\u00e3o de Riscos Ambientais): O Que \u00c9!<\/title>\n<meta name=\"description\" content=\"O PPRA foi criado a partir da NR n\u00ba 9 e traz a\u00e7\u00f5es, iniciativas e projetos para que as empresas tornem seu ambiente de trabalho mais seguro. Saiba mais!\" \/>\n<meta name=\"robots\" content=\"index, follow, max-snippet:-1, max-image-preview:large, max-video-preview:-1\" \/>\n<link rel=\"canonical\" href=\"https:\/\/webmaissistemas.com.br\/blog\/ppra\/\" \/>\n<meta property=\"og:locale\" content=\"pt_BR\" \/>\n<meta property=\"og:type\" content=\"article\" \/>\n<meta property=\"og:title\" content=\"PPRA (Programa de Preven\u00e7\u00e3o de Riscos Ambientais): O Que \u00c9!\" \/>\n<meta property=\"og:description\" content=\"O PPRA foi criado a partir da NR n\u00ba 9 e traz a\u00e7\u00f5es, iniciativas e projetos para que as empresas tornem seu ambiente de trabalho mais seguro. Saiba mais!\" \/>\n<meta property=\"og:url\" content=\"https:\/\/webmaissistemas.com.br\/blog\/ppra\/\" \/>\n<meta property=\"og:site_name\" content=\"Blog WebMais - Tudo sobre Gest\u00e3o Industrial e ERP\" \/>\n<meta property=\"article:publisher\" content=\"https:\/\/www.facebook.com\/webmaissistemas\/\" \/>\n<meta property=\"article:author\" content=\"https:\/\/pt-br.facebook.com\/webmaissistemas\/\" \/>\n<meta property=\"article:published_time\" content=\"2022-06-09T11:00:00+00:00\" \/>\n<meta property=\"article:modified_time\" content=\"2026-02-04T17:31:03+00:00\" \/>\n<meta property=\"og:image\" content=\"https:\/\/webmaissistemas.com.br\/blog\/app\/uploads\/2022\/06\/PPRA-Programa-de-Prevencao-de-Riscos-Ambientais.-O-que-e.webp\" \/>\n\t<meta property=\"og:image:width\" content=\"728\" \/>\n\t<meta property=\"og:image:height\" content=\"351\" \/>\n\t<meta property=\"og:image:type\" content=\"image\/webp\" \/>\n<meta name=\"author\" content=\"Sanon Matias\" \/>\n<meta name=\"twitter:card\" content=\"summary_large_image\" \/>\n<meta name=\"twitter:label1\" content=\"Escrito por\" \/>\n\t<meta name=\"twitter:data1\" content=\"Sanon Matias\" \/>\n\t<meta name=\"twitter:label2\" content=\"Est. tempo de leitura\" \/>\n\t<meta name=\"twitter:data2\" content=\"7 minutos\" \/>\n<script type=\"application\/ld+json\" class=\"yoast-schema-graph\">{\"@context\":\"https:\/\/schema.org\",\"@graph\":[{\"@type\":\"Article\",\"@id\":\"https:\/\/webmaissistemas.com.br\/blog\/ppra\/#article\",\"isPartOf\":{\"@id\":\"https:\/\/webmaissistemas.com.br\/blog\/ppra\/\"},\"author\":{\"name\":\"Sanon Matias\",\"@id\":\"https:\/\/webmaissistemas.com.br\/blog\/#\/schema\/person\/2035a40b697979c683a5139310f7abb3\"},\"headline\":\"Programa de Preven\u00e7\u00e3o de Riscos Ambientais (PPRA): Tudo o Que Voc\u00ea Precisa Saber\",\"datePublished\":\"2022-06-09T11:00:00+00:00\",\"dateModified\":\"2026-02-04T17:31:03+00:00\",\"mainEntityOfPage\":{\"@id\":\"https:\/\/webmaissistemas.com.br\/blog\/ppra\/\"},\"wordCount\":1231,\"commentCount\":0,\"publisher\":{\"@id\":\"https:\/\/webmaissistemas.com.br\/blog\/#organization\"},\"image\":{\"@id\":\"https:\/\/webmaissistemas.com.br\/blog\/ppra\/#primaryimage\"},\"thumbnailUrl\":\"https:\/\/webmaissistemas.com.br\/blog\/app\/uploads\/2022\/06\/PPRA-Programa-de-Prevencao-de-Riscos-Ambientais.-O-que-e.webp\",\"keywords\":[\"5s\",\"Gest\u00e3o de produ\u00e7\u00e3o\",\"PPRA\",\"preven\u00e7\u00e3o de riscos\",\"Programa de Preven\u00e7\u00e3o de Riscos Ambientais\"],\"articleSection\":[\"Gest\u00e3o e neg\u00f3cios\"],\"inLanguage\":\"pt-BR\",\"potentialAction\":[{\"@type\":\"CommentAction\",\"name\":\"Comment\",\"target\":[\"https:\/\/webmaissistemas.com.br\/blog\/ppra\/#respond\"]}]},{\"@type\":\"WebPage\",\"@id\":\"https:\/\/webmaissistemas.com.br\/blog\/ppra\/\",\"url\":\"https:\/\/webmaissistemas.com.br\/blog\/ppra\/\",\"name\":\"PPRA (Programa de Preven\u00e7\u00e3o de Riscos Ambientais): O Que \u00c9!\",\"isPartOf\":{\"@id\":\"https:\/\/webmaissistemas.com.br\/blog\/#website\"},\"primaryImageOfPage\":{\"@id\":\"https:\/\/webmaissistemas.com.br\/blog\/ppra\/#primaryimage\"},\"image\":{\"@id\":\"https:\/\/webmaissistemas.com.br\/blog\/ppra\/#primaryimage\"},\"thumbnailUrl\":\"https:\/\/webmaissistemas.com.br\/blog\/app\/uploads\/2022\/06\/PPRA-Programa-de-Prevencao-de-Riscos-Ambientais.-O-que-e.webp\",\"datePublished\":\"2022-06-09T11:00:00+00:00\",\"dateModified\":\"2026-02-04T17:31:03+00:00\",\"description\":\"O PPRA foi criado a partir da NR n\u00ba 9 e traz a\u00e7\u00f5es, iniciativas e projetos para que as empresas tornem seu ambiente de trabalho mais seguro. Saiba mais!\",\"breadcrumb\":{\"@id\":\"https:\/\/webmaissistemas.com.br\/blog\/ppra\/#breadcrumb\"},\"inLanguage\":\"pt-BR\",\"potentialAction\":[{\"@type\":\"ReadAction\",\"target\":[\"https:\/\/webmaissistemas.com.br\/blog\/ppra\/\"]}]},{\"@type\":\"ImageObject\",\"inLanguage\":\"pt-BR\",\"@id\":\"https:\/\/webmaissistemas.com.br\/blog\/ppra\/#primaryimage\",\"url\":\"https:\/\/webmaissistemas.com.br\/blog\/app\/uploads\/2022\/06\/PPRA-Programa-de-Prevencao-de-Riscos-Ambientais.-O-que-e.webp\",\"contentUrl\":\"https:\/\/webmaissistemas.com.br\/blog\/app\/uploads\/2022\/06\/PPRA-Programa-de-Prevencao-de-Riscos-Ambientais.-O-que-e.webp\",\"width\":728,\"height\":351,\"caption\":\"PPRA - Programa de Preven\u00e7\u00e3o de Riscos Ambientais. O que \u00e9\"},{\"@type\":\"BreadcrumbList\",\"@id\":\"https:\/\/webmaissistemas.com.br\/blog\/ppra\/#breadcrumb\",\"itemListElement\":[{\"@type\":\"ListItem\",\"position\":1,\"name\":\"In\u00edcio\",\"item\":\"https:\/\/webmaissistemas.com.br\/blog\/\"},{\"@type\":\"ListItem\",\"position\":2,\"name\":\"Gest\u00e3o e neg\u00f3cios\",\"item\":\"https:\/\/webmaissistemas.com.br\/blog\/gestao-negocios\/\"},{\"@type\":\"ListItem\",\"position\":3,\"name\":\"Programa de Preven\u00e7\u00e3o de Riscos Ambientais (PPRA): Tudo o Que Voc\u00ea Precisa Saber\"}]},{\"@type\":\"WebSite\",\"@id\":\"https:\/\/webmaissistemas.com.br\/blog\/#website\",\"url\":\"https:\/\/webmaissistemas.com.br\/blog\/\",\"name\":\"Blog WebMais - Tudo sobre Gest\u00e3o Industrial e ERP\",\"description\":\"Aqui no blog da WebMais voc\u00ea fica por dentro de tudo o que \u00e9 novidade sobre o mundo da gest\u00e3o de ind\u00fastrias e distribuidoras.\",\"publisher\":{\"@id\":\"https:\/\/webmaissistemas.com.br\/blog\/#organization\"},\"potentialAction\":[{\"@type\":\"SearchAction\",\"target\":{\"@type\":\"EntryPoint\",\"urlTemplate\":\"https:\/\/webmaissistemas.com.br\/blog\/?s={search_term_string}\"},\"query-input\":{\"@type\":\"PropertyValueSpecification\",\"valueRequired\":true,\"valueName\":\"search_term_string\"}}],\"inLanguage\":\"pt-BR\"},{\"@type\":\"Organization\",\"@id\":\"https:\/\/webmaissistemas.com.br\/blog\/#organization\",\"name\":\"WebMais Sistemas\",\"url\":\"https:\/\/webmaissistemas.com.br\/blog\/\",\"logo\":{\"@type\":\"ImageObject\",\"inLanguage\":\"pt-BR\",\"@id\":\"https:\/\/webmaissistemas.com.br\/blog\/#\/schema\/logo\/image\/\",\"url\":\"https:\/\/webmaissistemas.com.br\/blog\/app\/uploads\/2021\/04\/logo-blog.jpg\",\"contentUrl\":\"https:\/\/webmaissistemas.com.br\/blog\/app\/uploads\/2021\/04\/logo-blog.jpg\",\"width\":800,\"height\":118,\"caption\":\"WebMais Sistemas\"},\"image\":{\"@id\":\"https:\/\/webmaissistemas.com.br\/blog\/#\/schema\/logo\/image\/\"},\"sameAs\":[\"https:\/\/www.facebook.com\/webmaissistemas\/\",\"https:\/\/www.instagram.com\/webmais_sistemas\",\"https:\/\/br.linkedin.com\/company\/webmais-sistemas\",\"https:\/\/www.youtube.com\/channel\/UCfTCVlfTTPXpVoXJDRJ3pRQ\"]},{\"@type\":\"Person\",\"@id\":\"https:\/\/webmaissistemas.com.br\/blog\/#\/schema\/person\/2035a40b697979c683a5139310f7abb3\",\"name\":\"Sanon Matias\",\"image\":{\"@type\":\"ImageObject\",\"inLanguage\":\"pt-BR\",\"@id\":\"https:\/\/webmaissistemas.com.br\/blog\/#\/schema\/person\/image\/\",\"url\":\"https:\/\/secure.gravatar.com\/avatar\/0080f22f5cfa42b324d52cb806afc8a951fc807c46e23d8daa6528befd097208?s=96&d=mm&r=g\",\"contentUrl\":\"https:\/\/secure.gravatar.com\/avatar\/0080f22f5cfa42b324d52cb806afc8a951fc807c46e23d8daa6528befd097208?s=96&d=mm&r=g\",\"caption\":\"Sanon Matias\"},\"description\":\"Fundador da WebMais Sistemas, Sanon Matias Fortunato possui mais de 25 anos de experi\u00eancia em diversas vertentes das tecnologias e gest\u00e3o empresarial, com \u00eanfase em Ind\u00fastria e Distribui\u00e7\u00e3o. Profundo conhecedor da \u00e1rea comercial, Funil de vendas, CRM, Indicadores, M\u00eddias Pagas, SEO, Inbound Marketing, Adwords, FacebookAds, Rede Sociais, Sucesso de Cliente e Canais de Parcerias.\",\"sameAs\":[\"https:\/\/webmaissistemas.com.br\/\",\"https:\/\/pt-br.facebook.com\/webmaissistemas\/\",\"https:\/\/www.instagram.com\/sanonmatias\/?hl=en\",\"https:\/\/www.linkedin.com\/in\/sanonmatias\/\",\"https:\/\/www.youtube.com\/channel\/UCfTCVlfTTPXpVoXJDRJ3pRQ\"],\"url\":\"https:\/\/webmaissistemas.com.br\/blog\/author\/sanon\/\"}]}<\/script>\n<!-- \/ Yoast SEO plugin. -->","yoast_head_json":{"title":"PPRA (Programa de Preven\u00e7\u00e3o de Riscos Ambientais): O Que \u00c9!","description":"O PPRA foi criado a partir da NR n\u00ba 9 e traz a\u00e7\u00f5es, iniciativas e projetos para que as empresas tornem seu ambiente de trabalho mais seguro. Saiba mais!","robots":{"index":"index","follow":"follow","max-snippet":"max-snippet:-1","max-image-preview":"max-image-preview:large","max-video-preview":"max-video-preview:-1"},"canonical":"https:\/\/webmaissistemas.com.br\/blog\/ppra\/","og_locale":"pt_BR","og_type":"article","og_title":"PPRA (Programa de Preven\u00e7\u00e3o de Riscos Ambientais): O Que \u00c9!","og_description":"O PPRA foi criado a partir da NR n\u00ba 9 e traz a\u00e7\u00f5es, iniciativas e projetos para que as empresas tornem seu ambiente de trabalho mais seguro. Saiba mais!","og_url":"https:\/\/webmaissistemas.com.br\/blog\/ppra\/","og_site_name":"Blog WebMais - Tudo sobre Gest\u00e3o Industrial e ERP","article_publisher":"https:\/\/www.facebook.com\/webmaissistemas\/","article_author":"https:\/\/pt-br.facebook.com\/webmaissistemas\/","article_published_time":"2022-06-09T11:00:00+00:00","article_modified_time":"2026-02-04T17:31:03+00:00","og_image":[{"width":728,"height":351,"url":"https:\/\/webmaissistemas.com.br\/blog\/app\/uploads\/2022\/06\/PPRA-Programa-de-Prevencao-de-Riscos-Ambientais.-O-que-e.webp","type":"image\/webp"}],"author":"Sanon Matias","twitter_card":"summary_large_image","twitter_misc":{"Escrito por":"Sanon Matias","Est. tempo de leitura":"7 minutos"},"schema":{"@context":"https:\/\/schema.org","@graph":[{"@type":"Article","@id":"https:\/\/webmaissistemas.com.br\/blog\/ppra\/#article","isPartOf":{"@id":"https:\/\/webmaissistemas.com.br\/blog\/ppra\/"},"author":{"name":"Sanon Matias","@id":"https:\/\/webmaissistemas.com.br\/blog\/#\/schema\/person\/2035a40b697979c683a5139310f7abb3"},"headline":"Programa de Preven\u00e7\u00e3o de Riscos Ambientais (PPRA): Tudo o Que Voc\u00ea Precisa Saber","datePublished":"2022-06-09T11:00:00+00:00","dateModified":"2026-02-04T17:31:03+00:00","mainEntityOfPage":{"@id":"https:\/\/webmaissistemas.com.br\/blog\/ppra\/"},"wordCount":1231,"commentCount":0,"publisher":{"@id":"https:\/\/webmaissistemas.com.br\/blog\/#organization"},"image":{"@id":"https:\/\/webmaissistemas.com.br\/blog\/ppra\/#primaryimage"},"thumbnailUrl":"https:\/\/webmaissistemas.com.br\/blog\/app\/uploads\/2022\/06\/PPRA-Programa-de-Prevencao-de-Riscos-Ambientais.-O-que-e.webp","keywords":["5s","Gest\u00e3o de produ\u00e7\u00e3o","PPRA","preven\u00e7\u00e3o de riscos","Programa de Preven\u00e7\u00e3o de Riscos Ambientais"],"articleSection":["Gest\u00e3o e neg\u00f3cios"],"inLanguage":"pt-BR","potentialAction":[{"@type":"CommentAction","name":"Comment","target":["https:\/\/webmaissistemas.com.br\/blog\/ppra\/#respond"]}]},{"@type":"WebPage","@id":"https:\/\/webmaissistemas.com.br\/blog\/ppra\/","url":"https:\/\/webmaissistemas.com.br\/blog\/ppra\/","name":"PPRA (Programa de Preven\u00e7\u00e3o de Riscos Ambientais): O Que \u00c9!","isPartOf":{"@id":"https:\/\/webmaissistemas.com.br\/blog\/#website"},"primaryImageOfPage":{"@id":"https:\/\/webmaissistemas.com.br\/blog\/ppra\/#primaryimage"},"image":{"@id":"https:\/\/webmaissistemas.com.br\/blog\/ppra\/#primaryimage"},"thumbnailUrl":"https:\/\/webmaissistemas.com.br\/blog\/app\/uploads\/2022\/06\/PPRA-Programa-de-Prevencao-de-Riscos-Ambientais.-O-que-e.webp","datePublished":"2022-06-09T11:00:00+00:00","dateModified":"2026-02-04T17:31:03+00:00","description":"O PPRA foi criado a partir da NR n\u00ba 9 e traz a\u00e7\u00f5es, iniciativas e projetos para que as empresas tornem seu ambiente de trabalho mais seguro. Saiba mais!","breadcrumb":{"@id":"https:\/\/webmaissistemas.com.br\/blog\/ppra\/#breadcrumb"},"inLanguage":"pt-BR","potentialAction":[{"@type":"ReadAction","target":["https:\/\/webmaissistemas.com.br\/blog\/ppra\/"]}]},{"@type":"ImageObject","inLanguage":"pt-BR","@id":"https:\/\/webmaissistemas.com.br\/blog\/ppra\/#primaryimage","url":"https:\/\/webmaissistemas.com.br\/blog\/app\/uploads\/2022\/06\/PPRA-Programa-de-Prevencao-de-Riscos-Ambientais.-O-que-e.webp","contentUrl":"https:\/\/webmaissistemas.com.br\/blog\/app\/uploads\/2022\/06\/PPRA-Programa-de-Prevencao-de-Riscos-Ambientais.-O-que-e.webp","width":728,"height":351,"caption":"PPRA - Programa de Preven\u00e7\u00e3o de Riscos Ambientais. O que \u00e9"},{"@type":"BreadcrumbList","@id":"https:\/\/webmaissistemas.com.br\/blog\/ppra\/#breadcrumb","itemListElement":[{"@type":"ListItem","position":1,"name":"In\u00edcio","item":"https:\/\/webmaissistemas.com.br\/blog\/"},{"@type":"ListItem","position":2,"name":"Gest\u00e3o e neg\u00f3cios","item":"https:\/\/webmaissistemas.com.br\/blog\/gestao-negocios\/"},{"@type":"ListItem","position":3,"name":"Programa de Preven\u00e7\u00e3o de Riscos Ambientais (PPRA): Tudo o Que Voc\u00ea Precisa Saber"}]},{"@type":"WebSite","@id":"https:\/\/webmaissistemas.com.br\/blog\/#website","url":"https:\/\/webmaissistemas.com.br\/blog\/","name":"Blog WebMais - Tudo sobre Gest\u00e3o Industrial e ERP","description":"Aqui no blog da WebMais voc\u00ea fica por dentro de tudo o que \u00e9 novidade sobre o mundo da gest\u00e3o de ind\u00fastrias e distribuidoras.","publisher":{"@id":"https:\/\/webmaissistemas.com.br\/blog\/#organization"},"potentialAction":[{"@type":"SearchAction","target":{"@type":"EntryPoint","urlTemplate":"https:\/\/webmaissistemas.com.br\/blog\/?s={search_term_string}"},"query-input":{"@type":"PropertyValueSpecification","valueRequired":true,"valueName":"search_term_string"}}],"inLanguage":"pt-BR"},{"@type":"Organization","@id":"https:\/\/webmaissistemas.com.br\/blog\/#organization","name":"WebMais Sistemas","url":"https:\/\/webmaissistemas.com.br\/blog\/","logo":{"@type":"ImageObject","inLanguage":"pt-BR","@id":"https:\/\/webmaissistemas.com.br\/blog\/#\/schema\/logo\/image\/","url":"https:\/\/webmaissistemas.com.br\/blog\/app\/uploads\/2021\/04\/logo-blog.jpg","contentUrl":"https:\/\/webmaissistemas.com.br\/blog\/app\/uploads\/2021\/04\/logo-blog.jpg","width":800,"height":118,"caption":"WebMais Sistemas"},"image":{"@id":"https:\/\/webmaissistemas.com.br\/blog\/#\/schema\/logo\/image\/"},"sameAs":["https:\/\/www.facebook.com\/webmaissistemas\/","https:\/\/www.instagram.com\/webmais_sistemas","https:\/\/br.linkedin.com\/company\/webmais-sistemas","https:\/\/www.youtube.com\/channel\/UCfTCVlfTTPXpVoXJDRJ3pRQ"]},{"@type":"Person","@id":"https:\/\/webmaissistemas.com.br\/blog\/#\/schema\/person\/2035a40b697979c683a5139310f7abb3","name":"Sanon Matias","image":{"@type":"ImageObject","inLanguage":"pt-BR","@id":"https:\/\/webmaissistemas.com.br\/blog\/#\/schema\/person\/image\/","url":"https:\/\/secure.gravatar.com\/avatar\/0080f22f5cfa42b324d52cb806afc8a951fc807c46e23d8daa6528befd097208?s=96&d=mm&r=g","contentUrl":"https:\/\/secure.gravatar.com\/avatar\/0080f22f5cfa42b324d52cb806afc8a951fc807c46e23d8daa6528befd097208?s=96&d=mm&r=g","caption":"Sanon Matias"},"description":"Fundador da WebMais Sistemas, Sanon Matias Fortunato possui mais de 25 anos de experi\u00eancia em diversas vertentes das tecnologias e gest\u00e3o empresarial, com \u00eanfase em Ind\u00fastria e Distribui\u00e7\u00e3o. Profundo conhecedor da \u00e1rea comercial, Funil de vendas, CRM, Indicadores, M\u00eddias Pagas, SEO, Inbound Marketing, Adwords, FacebookAds, Rede Sociais, Sucesso de Cliente e Canais de Parcerias.","sameAs":["https:\/\/webmaissistemas.com.br\/","https:\/\/pt-br.facebook.com\/webmaissistemas\/","https:\/\/www.instagram.com\/sanonmatias\/?hl=en","https:\/\/www.linkedin.com\/in\/sanonmatias\/","https:\/\/www.youtube.com\/channel\/UCfTCVlfTTPXpVoXJDRJ3pRQ"],"url":"https:\/\/webmaissistemas.com.br\/blog\/author\/sanon\/"}]}},"_links":{"self":[{"href":"https:\/\/webmaissistemas.com.br\/blog\/wp-json\/wp\/v2\/posts\/8718","targetHints":{"allow":["GET"]}}],"collection":[{"href":"https:\/\/webmaissistemas.com.br\/blog\/wp-json\/wp\/v2\/posts"}],"about":[{"href":"https:\/\/webmaissistemas.com.br\/blog\/wp-json\/wp\/v2\/types\/post"}],"author":[{"embeddable":true,"href":"https:\/\/webmaissistemas.com.br\/blog\/wp-json\/wp\/v2\/users\/8"}],"replies":[{"embeddable":true,"href":"https:\/\/webmaissistemas.com.br\/blog\/wp-json\/wp\/v2\/comments?post=8718"}],"version-history":[{"count":5,"href":"https:\/\/webmaissistemas.com.br\/blog\/wp-json\/wp\/v2\/posts\/8718\/revisions"}],"predecessor-version":[{"id":24570,"href":"https:\/\/webmaissistemas.com.br\/blog\/wp-json\/wp\/v2\/posts\/8718\/revisions\/24570"}],"wp:featuredmedia":[{"embeddable":true,"href":"https:\/\/webmaissistemas.com.br\/blog\/wp-json\/wp\/v2\/media\/24567"}],"wp:attachment":[{"href":"https:\/\/webmaissistemas.com.br\/blog\/wp-json\/wp\/v2\/media?parent=8718"}],"wp:term":[{"taxonomy":"category","embeddable":true,"href":"https:\/\/webmaissistemas.com.br\/blog\/wp-json\/wp\/v2\/categories?post=8718"},{"taxonomy":"post_tag","embeddable":true,"href":"https:\/\/webmaissistemas.com.br\/blog\/wp-json\/wp\/v2\/tags?post=8718"}],"curies":[{"name":"wp","href":"https:\/\/api.w.org\/{rel}","templated":true}]}}