{"id":8801,"date":"2025-10-21T09:41:14","date_gmt":"2025-10-21T12:41:14","guid":{"rendered":"https:\/\/webmaissistemas.com.br\/blog\/?p=8801"},"modified":"2025-10-21T09:42:48","modified_gmt":"2025-10-21T12:42:48","slug":"prazo-de-validade","status":"publish","type":"post","link":"https:\/\/webmaissistemas.com.br\/blog\/prazo-de-validade\/","title":{"rendered":"Prazo de Validade: saiba como funciona na pr\u00e1tica"},"content":{"rendered":"\n<p>Voc\u00ea j\u00e1 parou para pensar na import\u00e2ncia do <strong>prazo de validade<\/strong> estar presente nas embalagens?<\/p>\n\n\n\n<p>Mais do que uma simples data, ele \u00e9 o resultado de <strong>estudos cient\u00edficos, exig\u00eancias legais e pr\u00e1ticas <\/strong>que garantem que o produto seja seguro e mantenha suas caracter\u00edsticas at\u00e9 o momento do consumo.<\/p>\n\n\n\n<p>Al\u00e9m de proteger o consumidor, o prazo de validade impacta diretamente <strong>o planejamento produtivo e o cumprimento das normas da Anvisa<\/strong>.<\/p>\n\n\n\n<p>Neste artigo, atualizado segundo o <a href=\"https:\/\/anvisalegis.datalegis.net\/action\/UrlPublicasAction.php?acao=abrirAtoPublico&amp;num_ato=00000016&amp;sgl_tipo=GUI&amp;sgl_orgao=ANVISA\/MS&amp;vlr_ano=2025&amp;seq_ato=222&amp;cod_modulo=644&amp;cod_menu=9483\" target=\"_blank\" rel=\"noreferrer noopener\"><strong>Guia 16 da Anvisa (vers\u00e3o 2025)<\/strong><\/a>, voc\u00ea vai entender <strong>como \u00e9 determinado o prazo de validade<\/strong>, quais fatores o influenciam e como um <a href=\"https:\/\/webmaissistemas.com.br\/erp-para-industria\/\" target=\"_blank\" rel=\"noreferrer noopener\"><strong>ERP para ind\u00fastria<\/strong><\/a><strong> pode facilitar esse controle nas empresas.<\/strong><\/p>\n\n\n\n<figure class=\"wp-block-image size-full is-resized imagem-desktop\"><a href=\"https:\/\/webmaissistemas.com.br\/?utm_source=blog%20&amp;utm_medium=organic&amp;utm_campaign=banner%20padr%C3%A3o\" target=\"_blank\" rel=\"noreferrer noopener\"><img decoding=\"async\" width=\"728\" height=\"200\" src=\"https:\/\/webmaissistemas.com.br\/blog\/app\/uploads\/2024\/12\/banner-blog-gestao-webmais-desktop.webp\" alt=\"Banner Gest\u00e3o Webmais\" class=\"wp-image-21289\" style=\"width:841px;height:auto\" title=\"Estoque, compras, financeiro com o ERP WebMais\" srcset=\"https:\/\/webmaissistemas.com.br\/blog\/app\/uploads\/2024\/12\/banner-blog-gestao-webmais-desktop.webp 728w, https:\/\/webmaissistemas.com.br\/blog\/app\/uploads\/2024\/12\/banner-blog-gestao-webmais-desktop-350x96.webp 350w\" sizes=\"(max-width: 728px) 100vw, 728px\" \/><\/a><\/figure>\n\n\n\n<figure class=\"wp-block-image size-full is-resized imagem-mobile\"><a href=\"https:\/\/webmaissistemas.com.br\/?utm_source=blog%20&amp;utm_medium=organic&amp;utm_campaign=banner%20padr%C3%A3o\" target=\"_blank\" rel=\"noreferrer noopener\"><img decoding=\"async\" width=\"540\" height=\"540\" src=\"https:\/\/webmaissistemas.com.br\/blog\/app\/uploads\/2024\/12\/banner-blog-gestao-webmais-responsivo.webp\" alt=\"Banner Gest\u00e3o Webmais\" class=\"wp-image-21290\" style=\"width:841px;height:auto\" title=\"Estoque, compras, financeiro com o ERP WebMais\" srcset=\"https:\/\/webmaissistemas.com.br\/blog\/app\/uploads\/2024\/12\/banner-blog-gestao-webmais-responsivo.webp 540w, https:\/\/webmaissistemas.com.br\/blog\/app\/uploads\/2024\/12\/banner-blog-gestao-webmais-responsivo-500x500.webp 500w, https:\/\/webmaissistemas.com.br\/blog\/app\/uploads\/2024\/12\/banner-blog-gestao-webmais-responsivo-350x350.webp 350w\" sizes=\"(max-width: 540px) 100vw, 540px\" \/><\/a><\/figure>\n\n\n\n<h2 id='o-que-e-prazo-de-validade-e-por-que-ele-existe'>O que \u00e9 prazo de validade e por que ele existe<\/h2>\n\n\n\n<p>O <strong>prazo de validade<\/strong> indica o<strong> per\u00edodo<\/strong> em que o produto mant\u00e9m suas caracter\u00edsticas originais, como sabor, aroma e seguran\u00e7a microbiol\u00f3gica. Ele \u00e9 definido pelo fabricante com base em testes e condi\u00e7\u00f5es de armazenamento.<\/p>\n\n\n\n<p>Na pr\u00e1tica, o <strong>prazo de validade<\/strong> s\u00f3 \u00e9 v\u00e1lido se o armazenamento seguir as orienta\u00e7\u00f5es do fabricante. Produtos refrigerados ou congelados, por exemplo, exigem controle rigoroso de temperatura para manter a qualidade.<\/p>\n\n\n\n<p>Ap\u00f3s o vencimento, o produto pode sofrer <strong>altera\u00e7\u00f5es sensoriais <\/strong>e <strong>microbiol\u00f3gicas<\/strong>. Mesmo que pare\u00e7a em boas condi\u00e7\u00f5es, o consumo n\u00e3o \u00e9 recomendado, pois a seguran\u00e7a alimentar n\u00e3o est\u00e1 mais garantida.<\/p>\n\n\n\n<p>Al\u00e9m disso, o <strong>prazo de validade<\/strong> \u00e9 essencial tamb\u00e9m para <strong>medicamentos<\/strong>. Esses produtos passam por estudos espec\u00edficos e devem ser utilizados apenas dentro do per\u00edodo indicado pelo fabricante.<\/p>\n\n\n\n<p>Portanto, entender como o <strong>prazo de validade<\/strong> \u00e9 definido e respeit\u00e1-lo na pr\u00e1tica \u00e9 fundamental para garantir seguran\u00e7a, evitar desperd\u00edcios e manter a confian\u00e7a entre fabricante e consumidor.<\/p>\n\n\n\n<h2 id='legislacao-brasileira-e-responsabilidades-atualizacao-2025'>Legisla\u00e7\u00e3o Brasileira e Responsabilidades (Atualiza\u00e7\u00e3o 2025)<\/h2>\n\n\n\n<p>A <strong>legisla\u00e7\u00e3o brasileira<\/strong> \u00e9 clara quanto ao <strong>prazo de validade<\/strong> e \u00e0 seguran\u00e7a dos produtos. O tema \u00e9 regulado por normas da <strong>Anvisa<\/strong>, pelo<a href=\"https:\/\/www.planalto.gov.br\/ccivil_03\/leis\/l8078compilado.htm\" target=\"_blank\" rel=\"noreferrer noopener\"> <strong>C\u00f3digo de Defesa do Consumidor (Lei n\u00ba 8.078\/1990)<\/strong><\/a> e pela <a href=\"https:\/\/www.planalto.gov.br\/ccivil_03\/leis\/l8137.htm\" target=\"_blank\" rel=\"noreferrer noopener\"><strong>Lei n\u00ba 8.137\/1990<\/strong><\/a>, que trata dos crimes contra as rela\u00e7\u00f5es de consumo.<\/p>\n\n\n\n<p>Conforme a Anvisa, o <strong>prazo de validade<\/strong> deve ser definido e comprovado tecnicamente pelo fabricante. A principal norma \u00e9 a <a href=\"https:\/\/bvsms.saude.gov.br\/bvs\/saudelegis\/anvisa\/2002\/rdc0259_20_09_2002.html\" target=\"_blank\" rel=\"noreferrer noopener\"><strong>Resolu\u00e7\u00e3o RDC n\u00ba 259\/2002<\/strong><\/a>, que trata da rotulagem de alimentos embalados, complementada pela <a href=\"https:\/\/bvsms.saude.gov.br\/bvs\/saudelegis\/anvisa\/2001\/rdc0040_21_03_2001.html\" target=\"_blank\" rel=\"noreferrer noopener\"><strong>RDC n\u00ba 40\/2001<\/strong><\/a>, voltada \u00e0 responsabilidade t\u00e9cnica e ao controle da validade.<\/p>\n\n\n\n<p>Al\u00e9m disso, a <strong>nova vers\u00e3o do Guia 16 (Anvisa, 2025)<\/strong> atualizou as orienta\u00e7\u00f5es sobre a determina\u00e7\u00e3o do prazo. As principais mudan\u00e7as refor\u00e7am o uso de <strong>testes acelerados de vida \u00fatil<\/strong>, a <strong>valida\u00e7\u00e3o estat\u00edstica dos resultados<\/strong> e a necessidade de <strong>documenta\u00e7\u00e3o t\u00e9cnica detalhada<\/strong>.<\/p>\n\n\n\n<p>Portanto, definir o <strong>prazo de validade<\/strong> \u00e9 um processo t\u00e9cnico que envolve an\u00e1lises laboratoriais e m\u00e9todos de simula\u00e7\u00e3o.&nbsp;<\/p>\n\n\n\n<p>Por fim, esses estudos garantem que o produto permane\u00e7a seguro e est\u00e1vel at\u00e9 a data indicada pelo fabricante.<\/p>\n\n\n\n<h2 id='fatores-que-influenciam-o-prazo-de-validade'>Fatores que influenciam o prazo de validade<\/h2>\n\n\n\n<p>O <strong>prazo de validade<\/strong> de um produto depende de diferentes fatores que determinam sua estabilidade e seguran\u00e7a ao longo do tempo.<\/p>\n\n\n\n<p>Esses fatores se dividem em <strong>intr\u00ednsecos<\/strong> (relacionados \u00e0 composi\u00e7\u00e3o) e <strong>extr\u00ednsecos<\/strong> (ligados ao ambiente e ao armazenamento).<\/p>\n\n\n\n<h3 class=\"wp-block-heading\">Fatores intr\u00ednsecos<\/h3>\n\n\n\n<p>Os <strong>fatores intr\u00ednsecos<\/strong> est\u00e3o diretamente ligados \u00e0s caracter\u00edsticas internas do produto. Entre os principais, destacam-se:<\/p>\n\n\n\n<ul class=\"wp-block-list\">\n<li><strong>Composi\u00e7\u00e3o qu\u00edmica:<\/strong> a propor\u00e7\u00e3o de \u00e1gua, prote\u00ednas e a\u00e7\u00facares interfere no crescimento de micro-organismos.<\/li>\n\n\n\n<li><strong>Atividade de \u00e1gua (aW):<\/strong> produtos com mais umidade s\u00e3o mais propensos \u00e0 contamina\u00e7\u00e3o e \u00e0 deteriora\u00e7\u00e3o.<\/li>\n\n\n\n<li><strong>pH e potencial redox:<\/strong> produtos mais \u00e1cidos costumam ter maior durabilidade, pois dificultam a multiplica\u00e7\u00e3o de microrganismos.<\/li>\n\n\n\n<li><strong>Microbiota inicial:<\/strong> a presen\u00e7a de micro-organismos desde a fabrica\u00e7\u00e3o pode reduzir o <strong>prazo de validade<\/strong>, principalmente se houver falhas de higiene.<\/li>\n\n\n\n<li><strong>Aditivos e conservantes:<\/strong> subst\u00e2ncias que retardam rea\u00e7\u00f5es qu\u00edmicas e microbiol\u00f3gicas, aumentando a vida \u00fatil.<br><\/li>\n<\/ul>\n\n\n\n<h3 class=\"wp-block-heading\">Fatores extr\u00ednsecos<\/h3>\n\n\n\n<p>Os <strong>fatores extr\u00ednsecos<\/strong> envolvem o ambiente, a manipula\u00e7\u00e3o e as condi\u00e7\u00f5es de armazenamento. Entre eles:<\/p>\n\n\n\n<ul class=\"wp-block-list\">\n<li><strong>Temperatura de armazenamento:<\/strong> temperaturas elevadas aceleram rea\u00e7\u00f5es qu\u00edmicas; j\u00e1 as baixas retardam a deteriora\u00e7\u00e3o.<\/li>\n\n\n\n<li><strong>Tipo de embalagem:<\/strong> materiais que bloqueiam luz, oxig\u00eanio e umidade ajudam a preservar o produto e prolongar o <strong>prazo de validade<\/strong>.<\/li>\n\n\n\n<li><strong>Transporte e distribui\u00e7\u00e3o:<\/strong> oscila\u00e7\u00f5es de temperatura e manuseio inadequado comprometem a integridade e reduzem a validade declarada.<\/li>\n\n\n\n<li><strong>Armazenamento no ponto de venda:<\/strong> exposi\u00e7\u00e3o ao calor, \u00e0 umidade ou \u00e0 luz direta pode alterar cor, sabor e textura.<\/li>\n\n\n\n<li><strong>Condi\u00e7\u00f5es ap\u00f3s a abertura:<\/strong> muitos produtos perdem a validade rapidamente ap\u00f3s abertos, mesmo sob refrigera\u00e7\u00e3o.<\/li>\n<\/ul>\n\n\n\n<h2 id='metodos-utilizados-para-determinar-o-prazo-de-validade'>M\u00e9todos utilizados para determinar o prazo de validade<\/h2>\n\n\n\n<p>Definir o <strong>prazo de validade<\/strong> \u00e9 um processo t\u00e9cnico que envolve an\u00e1lises laboratoriais e m\u00e9todos de simula\u00e7\u00e3o.<\/p>\n\n\n\n<p>Esses estudos garantem que o produto permane\u00e7a seguro e est\u00e1vel at\u00e9 a data indicada pelo fabricante.<\/p>\n\n\n\n<p>Os m\u00e9todos aplicados combinam <strong>testes microbiol\u00f3gicos<\/strong>, <strong>f\u00edsico-qu\u00edmicos<\/strong> e <strong>sensoriais<\/strong>, al\u00e9m de modelos preditivos e estudos acelerados.<\/p>\n\n\n\n<p>Cada um tem um papel essencial na comprova\u00e7\u00e3o cient\u00edfica da validade.<\/p>\n\n\n\n<h3 class=\"wp-block-heading\">Principais m\u00e9todos utilizados<\/h3>\n\n\n\n<ul class=\"wp-block-list\">\n<li><strong>Testes microbiol\u00f3gicos:<\/strong> analisam a presen\u00e7a e o crescimento de micro-organismos, como coliformes, Salmonella, bolores e leveduras.<\/li>\n\n\n\n<li><strong>Testes f\u00edsico-qu\u00edmicos:<\/strong> avaliam altera\u00e7\u00f5es no pH, na umidade, na cor e na textura ao longo do tempo.<\/li>\n\n\n\n<li><strong>Testes sensoriais:<\/strong> utilizam pain\u00e9is de especialistas para observar mudan\u00e7as no sabor, odor e apar\u00eancia do produto.<\/li>\n\n\n\n<li><strong>Estudos acelerados:<\/strong> simulam o envelhecimento por meio de altas temperaturas e umidade para prever o comportamento em menor tempo.<\/li>\n\n\n\n<li><strong>Testes de estresse:<\/strong> exp\u00f5em o produto a condi\u00e7\u00f5es extremas por curtos per\u00edodos para identificar fragilidades na formula\u00e7\u00e3o ou na embalagem.<\/li>\n\n\n\n<li><strong>Modelos preditivos:<\/strong> utilizam equa\u00e7\u00f5es matem\u00e1ticas, como a de Arrhenius, para estimar a taxa de degrada\u00e7\u00e3o e prever a vida \u00fatil com base em par\u00e2metros f\u00edsicos e qu\u00edmicos.<\/li>\n\n\n\n<li><strong>An\u00e1lises estat\u00edsticas:<\/strong> garantem a confiabilidade dos resultados e permitem estabelecer uma margem de seguran\u00e7a no c\u00e1lculo do <strong>prazo de validade<\/strong>.<\/li>\n<\/ul>\n\n\n\n<h3 class=\"wp-block-heading\">Fatores avaliados nos testes<\/h3>\n\n\n\n<p>Durante os estudos, v\u00e1rios fatores s\u00e3o considerados para determinar o tempo seguro de consumo:<\/p>\n\n\n\n<ul class=\"wp-block-list\">\n<li><strong>Composi\u00e7\u00e3o do produto:<\/strong> tipo e qualidade dos ingredientes utilizados.<\/li>\n\n\n\n<li><strong>pH e atividade de \u00e1gua:<\/strong> vari\u00e1veis que influenciam o crescimento microbiano e as rea\u00e7\u00f5es qu\u00edmicas.<\/li>\n\n\n\n<li><strong>Tipo de embalagem:<\/strong> n\u00edvel de prote\u00e7\u00e3o contra oxig\u00eanio, luz e umidade.<\/li>\n\n\n\n<li><strong>Processamento:<\/strong> t\u00e9cnicas de preparo e conserva\u00e7\u00e3o aplicadas \u00e0 produ\u00e7\u00e3o.<\/li>\n\n\n\n<li><strong>Armazenamento e distribui\u00e7\u00e3o:<\/strong> condi\u00e7\u00f5es de temperatura e umidade ao longo da <a href=\"https:\/\/webmaissistemas.com.br\/blog\/cadeia-produtiva\/\" target=\"_blank\" rel=\"noreferrer noopener\">cadeia produtiva<\/a>.<\/li>\n<\/ul>\n\n\n\n<h3 class=\"wp-block-heading\">Valida\u00e7\u00e3o e defini\u00e7\u00e3o da data final<\/h3>\n\n\n\n<p>Ap\u00f3s os testes, o respons\u00e1vel t\u00e9cnico avalia todos os resultados e define o <strong>prazo de validade<\/strong> oficial.<\/p>\n\n\n\n<p>Normalmente, \u00e9 aplicada uma <strong>margem de seguran\u00e7a<\/strong> entre 10% e 20% abaixo da vida \u00fatil total observada.<\/p>\n\n\n\n<p>Assim, o fabricante assegura que o produto mantenha sua qualidade at\u00e9 o consumo, refor\u00e7ando a confian\u00e7a do consumidor e o cumprimento das normas da <strong>Anvisa<\/strong>.<\/p>\n\n\n\n<p>Al\u00e9m disso, <a href=\"https:\/\/webmaissistemas.com.br\/blog\/sistema-erp\/\" target=\"_blank\" rel=\"noreferrer noopener\"><strong>sistemas ERP<\/strong><\/a> auxiliam nesse processo ao rastrear lotes, armazenar dados laboratoriais e monitorar prazos, tornando a an\u00e1lise mais eficiente e confi\u00e1vel.<\/p>\n\n\n\n<h2 id='como-calcular-o-prazo-de-validade-na-pratica'>Como calcular o prazo de validade, na pr\u00e1tica<\/h2>\n\n\n\n<p>O c\u00e1lculo da validade parte de um <strong>estudo estruturado de shelf life<\/strong>, que inclui etapas como:<\/p>\n\n\n\n<ol class=\"wp-block-list\">\n<li><strong>Defini\u00e7\u00e3o do produto e objetivo do estudo:<\/strong> um exemplo, \u00e9 definir validade de um molho pronto refrigerado.<\/li>\n\n\n\n<li><strong>Planejamento da amostragem:<\/strong> coleta de unidades representativas em diferentes lotes.<\/li>\n\n\n\n<li><strong>Testes laboratoriais peri\u00f3dicos:<\/strong> acompanhamento a cada 15, 30 ou 60 dias, conforme o tipo de produto.<\/li>\n\n\n\n<li><strong>An\u00e1lise de dados e defini\u00e7\u00e3o de ponto cr\u00edtico de deteriora\u00e7\u00e3o:<\/strong> quando um par\u00e2metro (microbiol\u00f3gico, sensorial ou qu\u00edmico) ultrapassa o limite.<\/li>\n\n\n\n<li><strong>C\u00e1lculo e aplica\u00e7\u00e3o da margem de seguran\u00e7a:<\/strong> exemplo: se o produto \u00e9 seguro por 100 dias, declara-se 90 dias de validade.<br><\/li>\n<\/ol>\n\n\n\n<p><strong>Ferramenta recomendada:<\/strong> uma <strong>calculadora de validade (planilha ou widget)<\/strong> pode ser oferecida ao leitor para facilitar estimativas simples, aumentando o tempo de perman\u00eancia na p\u00e1gina e o engajamento.<\/p>\n\n\n\n<figure class=\"wp-block-image size-full\"><img decoding=\"async\" width=\"728\" height=\"700\" src=\"https:\/\/webmaissistemas.com.br\/blog\/app\/uploads\/2022\/06\/Como-determinar-prazo-de-validade.webp\" alt=\"Como determinar prazo de validade\" class=\"wp-image-23410\" srcset=\"https:\/\/webmaissistemas.com.br\/blog\/app\/uploads\/2022\/06\/Como-determinar-prazo-de-validade.webp 728w, https:\/\/webmaissistemas.com.br\/blog\/app\/uploads\/2022\/06\/Como-determinar-prazo-de-validade-520x500.webp 520w, https:\/\/webmaissistemas.com.br\/blog\/app\/uploads\/2022\/06\/Como-determinar-prazo-de-validade-350x337.webp 350w\" sizes=\"(max-width: 728px) 100vw, 728px\" \/><\/figure>\n\n\n\n<h2 id='prazo-de-validade-e-rotulagem-o-que-a-anvisa-exige'>Prazo de Validade e Rotulagem: o que a Anvisa exige<\/h2>\n\n\n\n<p>A <strong>Anvisa<\/strong> determina regras espec\u00edficas sobre o <strong>prazo de validade<\/strong> e as informa\u00e7\u00f5es obrigat\u00f3rias nos <a href=\"https:\/\/webmaissistemas.com.br\/blog\/rotulos-de-alimentos\/\" target=\"_blank\" rel=\"noreferrer noopener\">r\u00f3tulos dos produtos<\/a>.<\/p>\n\n\n\n<p>Essas normas garantem que o consumidor tenha acesso a dados claros e confi\u00e1veis sobre o que est\u00e1 comprando.<\/p>\n\n\n\n<p>Segundo a <strong>Resolu\u00e7\u00e3o RDC n\u00ba 259\/2002<\/strong>, todo produto embalado deve indicar, de forma leg\u00edvel e vis\u00edvel:<\/p>\n\n\n\n<ul class=\"wp-block-list\">\n<li>A express\u00e3o <strong>\u201cValidade:\u201d<\/strong> ou <strong>\u201cConsumir preferencialmente antes de:\u201d<\/strong>.<\/li>\n\n\n\n<li>O formato <strong>DD\/MM\/AAAA<\/strong> para produtos com validade inferior a tr\u00eas meses.<\/li>\n\n\n\n<li>O formato <strong>MM\/AAAA<\/strong> para produtos com validade superior a tr\u00eas meses.<\/li>\n\n\n\n<li>Informa\u00e7\u00f5es impressas de forma indel\u00e9vel, sem risco de apagamento.<\/li>\n<\/ul>\n\n\n\n<figure class=\"wp-block-image size-full\"><img decoding=\"async\" width=\"728\" height=\"695\" src=\"https:\/\/webmaissistemas.com.br\/blog\/app\/uploads\/2022\/06\/prazo-validade-regras.webp\" alt=\"regras para a declara\u00e7\u00e3o do prazo de validade\" class=\"wp-image-8804\" srcset=\"https:\/\/webmaissistemas.com.br\/blog\/app\/uploads\/2022\/06\/prazo-validade-regras.webp 728w, https:\/\/webmaissistemas.com.br\/blog\/app\/uploads\/2022\/06\/prazo-validade-regras-524x500.webp 524w, https:\/\/webmaissistemas.com.br\/blog\/app\/uploads\/2022\/06\/prazo-validade-regras-350x334.webp 350w, https:\/\/webmaissistemas.com.br\/blog\/app\/uploads\/2022\/06\/prazo-validade-regras-150x143.webp 150w\" sizes=\"(max-width: 728px) 100vw, 728px\" \/><\/figure>\n\n\n\n<h3 class=\"wp-block-heading\">Responsabilidade do fabricante<\/h3>\n\n\n\n<p>A defini\u00e7\u00e3o do <strong>prazo de validade<\/strong> \u00e9 responsabilidade exclusiva do fabricante.<\/p>\n\n\n\n<p>Para isso, a empresa realiza <strong>estudos de estabilidade<\/strong> que comprovam a seguran\u00e7a e a qualidade do produto at\u00e9 a data indicada.<\/p>\n\n\n\n<p>Al\u00e9m disso, o fabricante deve informar as <strong>condi\u00e7\u00f5es de conserva\u00e7\u00e3o<\/strong>, que asseguram o cumprimento do prazo determinado.<\/p>\n\n\n\n<h3 class=\"wp-block-heading\">Informa\u00e7\u00f5es obrigat\u00f3rias no r\u00f3tulo<\/h3>\n\n\n\n<p>Conforme a <strong>Anvisa<\/strong>, o r\u00f3tulo deve conter informa\u00e7\u00f5es essenciais que auxiliem o consumidor. Entre os <strong>principais requisitos<\/strong> est\u00e3o:<\/p>\n\n\n\n<ul class=\"wp-block-list\">\n<li>Nome do produto e sua denomina\u00e7\u00e3o de venda.<\/li>\n\n\n\n<li>Lista completa de ingredientes em ordem decrescente.<\/li>\n\n\n\n<li>Informa\u00e7\u00e3o nutricional obrigat\u00f3ria.<\/li>\n\n\n\n<li>Identifica\u00e7\u00e3o do fabricante, importador ou distribuidor.<\/li>\n\n\n\n<li>N\u00famero do lote e data de fabrica\u00e7\u00e3o.<\/li>\n\n\n\n<li>Indica\u00e7\u00e3o da <strong>data de validade<\/strong> e das condi\u00e7\u00f5es de armazenamento.<\/li>\n\n\n\n<li>Advert\u00eancias obrigat\u00f3rias, como presen\u00e7a de <strong>al\u00e9rgenos<\/strong> ou <strong>gl\u00faten<\/strong>.<\/li>\n\n\n\n<li>Selo de advert\u00eancia nutricional, conforme as novas regras da Anvisa.<\/li>\n<\/ul>\n\n\n\n<figure class=\"wp-block-image size-full\"><img decoding=\"async\" width=\"728\" height=\"700\" src=\"https:\/\/webmaissistemas.com.br\/blog\/app\/uploads\/2022\/06\/Informacoes-obrigatorias-no-rotulo.webp\" alt=\"Informa\u00e7\u00f5es obrigat\u00f3rias no r\u00f3tulo\" class=\"wp-image-23411\" srcset=\"https:\/\/webmaissistemas.com.br\/blog\/app\/uploads\/2022\/06\/Informacoes-obrigatorias-no-rotulo.webp 728w, https:\/\/webmaissistemas.com.br\/blog\/app\/uploads\/2022\/06\/Informacoes-obrigatorias-no-rotulo-520x500.webp 520w, https:\/\/webmaissistemas.com.br\/blog\/app\/uploads\/2022\/06\/Informacoes-obrigatorias-no-rotulo-350x337.webp 350w\" sizes=\"(max-width: 728px) 100vw, 728px\" \/><\/figure>\n\n\n\n<h3 class=\"wp-block-heading\">Novas regras de rotulagem nutricional<\/h3>\n\n\n\n<p>Desde <strong>outubro de 2022<\/strong>, as resolu\u00e7\u00f5es <strong>RDC n\u00ba 429\/2020<\/strong> e <strong>IN n\u00ba 75\/2020<\/strong> introduziram mudan\u00e7as importantes nos r\u00f3tulos.<\/p>\n\n\n\n<p>Essas normas exigem a exibi\u00e7\u00e3o frontal de alertas como <strong>\u201calto em a\u00e7\u00facares\u201d, \u201calto em gordura saturada\u201d<\/strong> e <strong>\u201calto em s\u00f3dio\u201d<\/strong>, tornando a leitura mais clara e objetiva.<\/p>\n\n\n\n<p>Al\u00e9m disso, as empresas devem manter as <strong>artes de rotulagem arquivadas por dois anos<\/strong> ap\u00f3s o fim do <strong>prazo de validade<\/strong> do produto.<\/p>\n\n\n\n<p>Essa exig\u00eancia garante <a href=\"https:\/\/webmaissistemas.com.br\/blog\/rastreabilidade-produtos-o-que-e-beneficios\/\" target=\"_blank\" rel=\"noreferrer noopener\"><strong>rastreabilidade<\/strong><\/a><strong> <\/strong>e facilita eventuais<strong> fiscaliza\u00e7\u00f5es da Anvisa.<\/strong><\/p>\n\n\n\n<h3 class=\"wp-block-heading\">Erros comuns na rotulagem<\/h3>\n\n\n\n<p>Mesmo com regras claras, algumas falhas ainda ocorrem nos r\u00f3tulos. Entre os erros mais comuns est\u00e3o:<\/p>\n\n\n\n<ul class=\"wp-block-list\">\n<li>Impress\u00e3o apagada ou ileg\u00edvel da data de validade.<\/li>\n\n\n\n<li>Diverg\u00eancia entre o r\u00f3tulo e os laudos t\u00e9cnicos do produto.<\/li>\n\n\n\n<li>Uso incorreto da express\u00e3o <strong>\u201cdata de fabrica\u00e7\u00e3o\u201d<\/strong> no lugar de <strong>\u201cvalidade\u201d<\/strong>.<br><\/li>\n<\/ul>\n\n\n\n<p>Esses erros configuram infra\u00e7\u00f5es e podem gerar <strong>multas, apreens\u00e3o de produtos e responsabiliza\u00e7\u00e3o do fabricante<\/strong>, conforme o <strong>C\u00f3digo de Defesa do Consumidor (art. 18)<\/strong>.<\/p>\n\n\n\n<h2 id='casos-praticos-por-tipo-de-produto'>Casos pr\u00e1ticos por tipo de produto<\/h2>\n\n\n\n<div class=\"wp-block-table has-small-font-size\">\n  <table class=\"has-fixed-layout\">\n    <thead class=\"custom-bg-orange\">\n      <tr>\n        <th class=\"has-text-align-center text-white lh-base align-middle py-4\" data-align=\"center\"><strong>Tipo de Produto<\/strong><\/th>\n        <th class=\"has-text-align-center text-white lh-base align-middle py-4\" data-align=\"center\"><strong>Fatores Cr\u00edticos<\/strong><\/th>\n        <th class=\"has-text-align-center text-white lh-base align-middle py-4\" data-align=\"center\"><strong>Validade M\u00e9dia<\/strong><\/th>\n      <\/tr>\n    <\/thead>\n    <tbody>\n      <tr>\n        <td class=\"align-middle\">Latic\u00ednios (ex: iogurte)<\/td>\n        <td class=\"align-middle\">Contamina\u00e7\u00e3o microbiana, refrigera\u00e7\u00e3o<\/td>\n        <td class=\"align-middle\">30 a 45 dias<\/td>\n      <\/tr>\n      <tr>\n        <td class=\"align-middle\">Enlatados<\/td>\n        <td class=\"align-middle\">pH, oxig\u00eanio residual<\/td>\n        <td class=\"align-middle\">12 a 24 meses<\/td>\n      <\/tr>\n      <tr>\n        <td class=\"align-middle\">Cosm\u00e9ticos<\/td>\n        <td class=\"align-middle\">pH, oxida\u00e7\u00e3o, embalagem<\/td>\n        <td class=\"align-middle\">24 a 36 meses<\/td>\n      <\/tr>\n      <tr>\n        <td class=\"align-middle\">Vegetais processados<\/td>\n        <td class=\"align-middle\">Umidade, manipula\u00e7\u00e3o<\/td>\n        <td class=\"align-middle\">5 a 10 dias<\/td>\n      <\/tr>\n      <tr>\n        <td class=\"align-middle\">Suplementos<\/td>\n        <td class=\"align-middle\">Umidade, exposi\u00e7\u00e3o \u00e0 luz<\/td>\n        <td class=\"align-middle\">24 meses<\/td>\n      <\/tr>\n    <\/tbody>\n  <\/table>\n<\/div>\n\n\n\n<div style=\"height:50px\" aria-hidden=\"true\" class=\"wp-block-spacer\"><\/div>\n\n\n\n<p>Cada <strong>tipo de produto<\/strong> demanda um <strong>estudo espec\u00edfico<\/strong>, considerando formula\u00e7\u00e3o, embalagem e ambiente de venda.<\/p>\n\n\n\n<p>Falhas em testes podem gerar <strong>recalls<\/strong> e <strong>perdas financeiras significativas<\/strong>.<\/p>\n\n\n\n<h2 id='como-o-erp-webmais-ajuda-a-controlar-prazos-de-validade'>Como o ERP WebMais ajuda a controlar prazos de validade<\/h2>\n\n\n\n<p>Controlar prazos manualmente \u00e9 <strong>ineficiente <\/strong>e <strong>arriscado<\/strong>.<\/p>\n\n\n\n<p>Dessa maneira, o <strong>ERP WebMais<\/strong> automatiza todo o processo de <a href=\"https:\/\/webmaissistemas.com.br\/blog\/gestao-da-producao\/\" target=\"_blank\" rel=\"noreferrer noopener\"><strong>gest\u00e3o de produ\u00e7\u00e3o<\/strong><\/a>, garantindo <strong>rastreamento completo<\/strong> desde a produ\u00e7\u00e3o at\u00e9 a venda.<\/p>\n\n\n\n<p>Principais benef\u00edcios:<\/p>\n\n\n\n<ul class=\"wp-block-list\">\n<li>Alertas autom\u00e1ticos de produtos pr\u00f3ximos do vencimento;<\/li>\n\n\n\n<li>Relat\u00f3rios de rastreabilidade e recall;<\/li>\n\n\n\n<li>Controle <a href=\"https:\/\/webmaissistemas.com.br\/blog\/fifo-fefo-lifo\/\" target=\"_blank\" rel=\"noreferrer noopener\">FIFO\/FEFO<\/a> integrado ao estoque;<\/li>\n\n\n\n<li>Redu\u00e7\u00e3o de perdas e desperd\u00edcios;<\/li>\n\n\n\n<li>Conformidade com normas da Anvisa e auditorias ISO.<\/li>\n<\/ul>\n\n\n\n<h2 id='perguntas-frequentes-sobre-prazo-de-validade-faq'>Perguntas frequentes sobre prazo de validade (FAQ)<\/h2>\n\n\n\n<h3 class=\"wp-block-heading\">1. Comer produto vencido faz mal?<\/h3>\n\n\n\n<p><strong>Sim.<\/strong> Ap\u00f3s o vencimento, h\u00e1 risco de contamina\u00e7\u00e3o e perda das caracter\u00edsticas originais.<\/p>\n\n\n\n<h3 class=\"wp-block-heading\">2. Qual a diferen\u00e7a entre \u201cvalidade\u201d e \u201cvida \u00fatil\u201d?<\/h3>\n\n\n\n<p>A <strong>vida \u00fatil <\/strong>\u00e9 o tempo m\u00e1ximo de conserva\u00e7\u00e3o; a <strong>validade <\/strong>\u00e9 o prazo declarado, com margem de seguran\u00e7a.<\/p>\n\n\n\n<h3 class=\"wp-block-heading\">3. Posso estender a validade ap\u00f3s novos testes?<\/h3>\n\n\n\n<p><strong>Sim<\/strong>, desde que haja estudos laboratoriais e atualiza\u00e7\u00e3o de r\u00f3tulo.<\/p>\n\n\n\n<h3 class=\"wp-block-heading\">4. Como agir se encontrar produto vencido?<\/h3>\n\n\n\n<p>Comunicar o <strong>Procon <\/strong>e o <strong>fabricante<\/strong>; o consumidor tem direito \u00e0 substitui\u00e7\u00e3o imediata.<\/p>\n\n\n\n<h3 class=\"wp-block-heading\">5. Ap\u00f3s abrir a embalagem, a validade muda?<\/h3>\n\n\n\n<p><strong>Sim<\/strong>, a vida \u00fatil \u00e9 reduzida e deve seguir as instru\u00e7\u00f5es \u201cconsumir em at\u00e9 X dias ap\u00f3s aberto\u201d.<\/p>\n\n\n\n<h2 id='conclusao'>Conclus\u00e3o<\/h2>\n\n\n\n<p>O <strong>prazo de validade<\/strong> \u00e9 essencial para garantir <strong>seguran\u00e7a alimentar<\/strong> e confian\u00e7a do consumidor.<\/p>\n\n\n\n<p>Defini-lo corretamente evita desperd\u00edcios, assegura conformidade legal e refor\u00e7a a credibilidade da marca.<\/p>\n\n\n\n<p>Com o <strong>ERP WebMais<\/strong>, sua empresa pode automatizar o controle de prazos, reduzir perdas e manter total rastreabilidade em toda a cadeia produtiva.<\/p>\n\n\n\n<p><strong>Quer otimizar sua gest\u00e3o de estoque e qualidade?<\/strong> Fale com um especialista e agende uma <a href=\"https:\/\/webmaissistemas.com.br\/contato\/\" target=\"_blank\" rel=\"noreferrer noopener\"><strong>demonstra\u00e7\u00e3o gratuita<\/strong><\/a>, ou confira os <a href=\"https:\/\/webmaissistemas.com.br\/planos-erp-webmais\/\" target=\"_blank\" rel=\"noreferrer noopener\"><strong>planos e pre\u00e7os do ERP WebMais<\/strong><\/a> e descubra a melhor solu\u00e7\u00e3o para o seu neg\u00f3cio.<\/p>\n","protected":false},"excerpt":{"rendered":"<p>Neste artigo, voc\u00ea vai entender como o prazo de validade de um alimento \u00e9 determinado, qual \u00e9 a sua import\u00e2ncia e saber mais sobre o reprocessamento de alimentos.<\/p>\n","protected":false},"author":8,"featured_media":23412,"comment_status":"open","ping_status":"open","sticky":false,"template":"","format":"standard","meta":{"_acf_changed":false,"om_disable_all_campaigns":false,"footnotes":""},"categories":[194,188],"tags":[620,49,227,339,618,619],"class_list":["post-8801","post","type-post","status-publish","format-standard","has-post-thumbnail","hentry","category-estoque-compras","category-gestao-producao","tag-anvisa","tag-controle-de-estoque","tag-gestao","tag-gestao-da-producao","tag-prazo-de-validade","tag-validade"],"acf":[],"yoast_head":"<!-- This site is optimized with the Yoast SEO plugin v26.9 - https:\/\/yoast.com\/product\/yoast-seo-wordpress\/ -->\n<title>Prazo de Validade: entenda o que diz a Anvisa<\/title>\n<meta name=\"description\" content=\"Entenda o que \u00e9 prazo de validade, como \u00e9 definido e por que \u00e9 essencial para garantir seguran\u00e7a e qualidade dos produtos.\" \/>\n<meta name=\"robots\" content=\"index, follow, max-snippet:-1, max-image-preview:large, max-video-preview:-1\" \/>\n<link rel=\"canonical\" href=\"https:\/\/webmaissistemas.com.br\/blog\/prazo-de-validade\/\" \/>\n<meta property=\"og:locale\" content=\"pt_BR\" \/>\n<meta property=\"og:type\" content=\"article\" \/>\n<meta property=\"og:title\" content=\"Prazo de Validade: entenda o que diz a Anvisa\" \/>\n<meta property=\"og:description\" content=\"Entenda o que \u00e9 prazo de validade, como \u00e9 definido e por que \u00e9 essencial para garantir seguran\u00e7a e qualidade dos produtos.\" \/>\n<meta property=\"og:url\" content=\"https:\/\/webmaissistemas.com.br\/blog\/prazo-de-validade\/\" \/>\n<meta property=\"og:site_name\" content=\"Blog WebMais - Tudo sobre Gest\u00e3o Industrial e ERP\" \/>\n<meta property=\"article:publisher\" content=\"https:\/\/www.facebook.com\/webmaissistemas\/\" \/>\n<meta property=\"article:author\" content=\"https:\/\/pt-br.facebook.com\/webmaissistemas\/\" \/>\n<meta property=\"article:published_time\" content=\"2025-10-21T12:41:14+00:00\" \/>\n<meta property=\"article:modified_time\" content=\"2025-10-21T12:42:48+00:00\" \/>\n<meta property=\"og:image\" content=\"https:\/\/webmaissistemas.com.br\/blog\/app\/uploads\/2022\/06\/Prazo-de-Validade-saiba-como-funciona-na-pratica.webp\" \/>\n\t<meta property=\"og:image:width\" content=\"728\" \/>\n\t<meta property=\"og:image:height\" content=\"351\" \/>\n\t<meta property=\"og:image:type\" content=\"image\/webp\" \/>\n<meta name=\"author\" content=\"Sanon Matias\" \/>\n<meta name=\"twitter:card\" content=\"summary_large_image\" \/>\n<meta name=\"twitter:label1\" content=\"Escrito por\" \/>\n\t<meta name=\"twitter:data1\" content=\"Sanon Matias\" \/>\n\t<meta name=\"twitter:label2\" content=\"Est. tempo de leitura\" \/>\n\t<meta name=\"twitter:data2\" content=\"12 minutos\" \/>\n<script type=\"application\/ld+json\" class=\"yoast-schema-graph\">{\"@context\":\"https:\/\/schema.org\",\"@graph\":[{\"@type\":\"Article\",\"@id\":\"https:\/\/webmaissistemas.com.br\/blog\/prazo-de-validade\/#article\",\"isPartOf\":{\"@id\":\"https:\/\/webmaissistemas.com.br\/blog\/prazo-de-validade\/\"},\"author\":{\"name\":\"Sanon Matias\",\"@id\":\"https:\/\/webmaissistemas.com.br\/blog\/#\/schema\/person\/2035a40b697979c683a5139310f7abb3\"},\"headline\":\"Prazo de Validade: saiba como funciona na pr\u00e1tica\",\"datePublished\":\"2025-10-21T12:41:14+00:00\",\"dateModified\":\"2025-10-21T12:42:48+00:00\",\"mainEntityOfPage\":{\"@id\":\"https:\/\/webmaissistemas.com.br\/blog\/prazo-de-validade\/\"},\"wordCount\":2168,\"commentCount\":0,\"publisher\":{\"@id\":\"https:\/\/webmaissistemas.com.br\/blog\/#organization\"},\"image\":{\"@id\":\"https:\/\/webmaissistemas.com.br\/blog\/prazo-de-validade\/#primaryimage\"},\"thumbnailUrl\":\"https:\/\/webmaissistemas.com.br\/blog\/app\/uploads\/2022\/06\/Prazo-de-Validade-saiba-como-funciona-na-pratica.webp\",\"keywords\":[\"anvisa\",\"controle de estoque\",\"gestao\",\"gest\u00e3o da produ\u00e7\u00e3o\",\"prazo de validade\",\"validade\"],\"articleSection\":[\"Estoque e compras\",\"Gest\u00e3o da produ\u00e7\u00e3o\"],\"inLanguage\":\"pt-BR\",\"potentialAction\":[{\"@type\":\"CommentAction\",\"name\":\"Comment\",\"target\":[\"https:\/\/webmaissistemas.com.br\/blog\/prazo-de-validade\/#respond\"]}]},{\"@type\":\"WebPage\",\"@id\":\"https:\/\/webmaissistemas.com.br\/blog\/prazo-de-validade\/\",\"url\":\"https:\/\/webmaissistemas.com.br\/blog\/prazo-de-validade\/\",\"name\":\"Prazo de Validade: entenda o que diz a Anvisa\",\"isPartOf\":{\"@id\":\"https:\/\/webmaissistemas.com.br\/blog\/#website\"},\"primaryImageOfPage\":{\"@id\":\"https:\/\/webmaissistemas.com.br\/blog\/prazo-de-validade\/#primaryimage\"},\"image\":{\"@id\":\"https:\/\/webmaissistemas.com.br\/blog\/prazo-de-validade\/#primaryimage\"},\"thumbnailUrl\":\"https:\/\/webmaissistemas.com.br\/blog\/app\/uploads\/2022\/06\/Prazo-de-Validade-saiba-como-funciona-na-pratica.webp\",\"datePublished\":\"2025-10-21T12:41:14+00:00\",\"dateModified\":\"2025-10-21T12:42:48+00:00\",\"description\":\"Entenda o que \u00e9 prazo de validade, como \u00e9 definido e por que \u00e9 essencial para garantir seguran\u00e7a e qualidade dos produtos.\",\"breadcrumb\":{\"@id\":\"https:\/\/webmaissistemas.com.br\/blog\/prazo-de-validade\/#breadcrumb\"},\"inLanguage\":\"pt-BR\",\"potentialAction\":[{\"@type\":\"ReadAction\",\"target\":[\"https:\/\/webmaissistemas.com.br\/blog\/prazo-de-validade\/\"]}]},{\"@type\":\"ImageObject\",\"inLanguage\":\"pt-BR\",\"@id\":\"https:\/\/webmaissistemas.com.br\/blog\/prazo-de-validade\/#primaryimage\",\"url\":\"https:\/\/webmaissistemas.com.br\/blog\/app\/uploads\/2022\/06\/Prazo-de-Validade-saiba-como-funciona-na-pratica.webp\",\"contentUrl\":\"https:\/\/webmaissistemas.com.br\/blog\/app\/uploads\/2022\/06\/Prazo-de-Validade-saiba-como-funciona-na-pratica.webp\",\"width\":728,\"height\":351,\"caption\":\"Prazo de Validade - saiba como funciona na pr\u00e1tica\"},{\"@type\":\"BreadcrumbList\",\"@id\":\"https:\/\/webmaissistemas.com.br\/blog\/prazo-de-validade\/#breadcrumb\",\"itemListElement\":[{\"@type\":\"ListItem\",\"position\":1,\"name\":\"In\u00edcio\",\"item\":\"https:\/\/webmaissistemas.com.br\/blog\/\"},{\"@type\":\"ListItem\",\"position\":2,\"name\":\"Estoque e compras\",\"item\":\"https:\/\/webmaissistemas.com.br\/blog\/estoque-compras\/\"},{\"@type\":\"ListItem\",\"position\":3,\"name\":\"Prazo de Validade: saiba como funciona na pr\u00e1tica\"}]},{\"@type\":\"WebSite\",\"@id\":\"https:\/\/webmaissistemas.com.br\/blog\/#website\",\"url\":\"https:\/\/webmaissistemas.com.br\/blog\/\",\"name\":\"Blog WebMais - Tudo sobre Gest\u00e3o Industrial e ERP\",\"description\":\"Aqui no blog da WebMais voc\u00ea fica por dentro de tudo o que \u00e9 novidade sobre o mundo da gest\u00e3o de ind\u00fastrias e distribuidoras.\",\"publisher\":{\"@id\":\"https:\/\/webmaissistemas.com.br\/blog\/#organization\"},\"potentialAction\":[{\"@type\":\"SearchAction\",\"target\":{\"@type\":\"EntryPoint\",\"urlTemplate\":\"https:\/\/webmaissistemas.com.br\/blog\/?s={search_term_string}\"},\"query-input\":{\"@type\":\"PropertyValueSpecification\",\"valueRequired\":true,\"valueName\":\"search_term_string\"}}],\"inLanguage\":\"pt-BR\"},{\"@type\":\"Organization\",\"@id\":\"https:\/\/webmaissistemas.com.br\/blog\/#organization\",\"name\":\"WebMais Sistemas\",\"url\":\"https:\/\/webmaissistemas.com.br\/blog\/\",\"logo\":{\"@type\":\"ImageObject\",\"inLanguage\":\"pt-BR\",\"@id\":\"https:\/\/webmaissistemas.com.br\/blog\/#\/schema\/logo\/image\/\",\"url\":\"https:\/\/webmaissistemas.com.br\/blog\/app\/uploads\/2021\/04\/logo-blog.jpg\",\"contentUrl\":\"https:\/\/webmaissistemas.com.br\/blog\/app\/uploads\/2021\/04\/logo-blog.jpg\",\"width\":800,\"height\":118,\"caption\":\"WebMais Sistemas\"},\"image\":{\"@id\":\"https:\/\/webmaissistemas.com.br\/blog\/#\/schema\/logo\/image\/\"},\"sameAs\":[\"https:\/\/www.facebook.com\/webmaissistemas\/\",\"https:\/\/www.instagram.com\/webmais_sistemas\",\"https:\/\/br.linkedin.com\/company\/webmais-sistemas\",\"https:\/\/www.youtube.com\/channel\/UCfTCVlfTTPXpVoXJDRJ3pRQ\"]},{\"@type\":\"Person\",\"@id\":\"https:\/\/webmaissistemas.com.br\/blog\/#\/schema\/person\/2035a40b697979c683a5139310f7abb3\",\"name\":\"Sanon Matias\",\"image\":{\"@type\":\"ImageObject\",\"inLanguage\":\"pt-BR\",\"@id\":\"https:\/\/webmaissistemas.com.br\/blog\/#\/schema\/person\/image\/\",\"url\":\"https:\/\/secure.gravatar.com\/avatar\/0080f22f5cfa42b324d52cb806afc8a951fc807c46e23d8daa6528befd097208?s=96&d=mm&r=g\",\"contentUrl\":\"https:\/\/secure.gravatar.com\/avatar\/0080f22f5cfa42b324d52cb806afc8a951fc807c46e23d8daa6528befd097208?s=96&d=mm&r=g\",\"caption\":\"Sanon Matias\"},\"description\":\"Fundador da WebMais Sistemas, Sanon Matias Fortunato possui mais de 25 anos de experi\u00eancia em diversas vertentes das tecnologias e gest\u00e3o empresarial, com \u00eanfase em Ind\u00fastria e Distribui\u00e7\u00e3o. Profundo conhecedor da \u00e1rea comercial, Funil de vendas, CRM, Indicadores, M\u00eddias Pagas, SEO, Inbound Marketing, Adwords, FacebookAds, Rede Sociais, Sucesso de Cliente e Canais de Parcerias.\",\"sameAs\":[\"https:\/\/webmaissistemas.com.br\/\",\"https:\/\/pt-br.facebook.com\/webmaissistemas\/\",\"https:\/\/www.instagram.com\/sanonmatias\/?hl=en\",\"https:\/\/www.linkedin.com\/in\/sanonmatias\/\",\"https:\/\/www.youtube.com\/channel\/UCfTCVlfTTPXpVoXJDRJ3pRQ\"],\"url\":\"https:\/\/webmaissistemas.com.br\/blog\/author\/sanon\/\"}]}<\/script>\n<!-- \/ Yoast SEO plugin. -->","yoast_head_json":{"title":"Prazo de Validade: entenda o que diz a Anvisa","description":"Entenda o que \u00e9 prazo de validade, como \u00e9 definido e por que \u00e9 essencial para garantir seguran\u00e7a e qualidade dos produtos.","robots":{"index":"index","follow":"follow","max-snippet":"max-snippet:-1","max-image-preview":"max-image-preview:large","max-video-preview":"max-video-preview:-1"},"canonical":"https:\/\/webmaissistemas.com.br\/blog\/prazo-de-validade\/","og_locale":"pt_BR","og_type":"article","og_title":"Prazo de Validade: entenda o que diz a Anvisa","og_description":"Entenda o que \u00e9 prazo de validade, como \u00e9 definido e por que \u00e9 essencial para garantir seguran\u00e7a e qualidade dos produtos.","og_url":"https:\/\/webmaissistemas.com.br\/blog\/prazo-de-validade\/","og_site_name":"Blog WebMais - Tudo sobre Gest\u00e3o Industrial e ERP","article_publisher":"https:\/\/www.facebook.com\/webmaissistemas\/","article_author":"https:\/\/pt-br.facebook.com\/webmaissistemas\/","article_published_time":"2025-10-21T12:41:14+00:00","article_modified_time":"2025-10-21T12:42:48+00:00","og_image":[{"width":728,"height":351,"url":"https:\/\/webmaissistemas.com.br\/blog\/app\/uploads\/2022\/06\/Prazo-de-Validade-saiba-como-funciona-na-pratica.webp","type":"image\/webp"}],"author":"Sanon Matias","twitter_card":"summary_large_image","twitter_misc":{"Escrito por":"Sanon Matias","Est. tempo de leitura":"12 minutos"},"schema":{"@context":"https:\/\/schema.org","@graph":[{"@type":"Article","@id":"https:\/\/webmaissistemas.com.br\/blog\/prazo-de-validade\/#article","isPartOf":{"@id":"https:\/\/webmaissistemas.com.br\/blog\/prazo-de-validade\/"},"author":{"name":"Sanon Matias","@id":"https:\/\/webmaissistemas.com.br\/blog\/#\/schema\/person\/2035a40b697979c683a5139310f7abb3"},"headline":"Prazo de Validade: saiba como funciona na pr\u00e1tica","datePublished":"2025-10-21T12:41:14+00:00","dateModified":"2025-10-21T12:42:48+00:00","mainEntityOfPage":{"@id":"https:\/\/webmaissistemas.com.br\/blog\/prazo-de-validade\/"},"wordCount":2168,"commentCount":0,"publisher":{"@id":"https:\/\/webmaissistemas.com.br\/blog\/#organization"},"image":{"@id":"https:\/\/webmaissistemas.com.br\/blog\/prazo-de-validade\/#primaryimage"},"thumbnailUrl":"https:\/\/webmaissistemas.com.br\/blog\/app\/uploads\/2022\/06\/Prazo-de-Validade-saiba-como-funciona-na-pratica.webp","keywords":["anvisa","controle de estoque","gestao","gest\u00e3o da produ\u00e7\u00e3o","prazo de validade","validade"],"articleSection":["Estoque e compras","Gest\u00e3o da produ\u00e7\u00e3o"],"inLanguage":"pt-BR","potentialAction":[{"@type":"CommentAction","name":"Comment","target":["https:\/\/webmaissistemas.com.br\/blog\/prazo-de-validade\/#respond"]}]},{"@type":"WebPage","@id":"https:\/\/webmaissistemas.com.br\/blog\/prazo-de-validade\/","url":"https:\/\/webmaissistemas.com.br\/blog\/prazo-de-validade\/","name":"Prazo de Validade: entenda o que diz a Anvisa","isPartOf":{"@id":"https:\/\/webmaissistemas.com.br\/blog\/#website"},"primaryImageOfPage":{"@id":"https:\/\/webmaissistemas.com.br\/blog\/prazo-de-validade\/#primaryimage"},"image":{"@id":"https:\/\/webmaissistemas.com.br\/blog\/prazo-de-validade\/#primaryimage"},"thumbnailUrl":"https:\/\/webmaissistemas.com.br\/blog\/app\/uploads\/2022\/06\/Prazo-de-Validade-saiba-como-funciona-na-pratica.webp","datePublished":"2025-10-21T12:41:14+00:00","dateModified":"2025-10-21T12:42:48+00:00","description":"Entenda o que \u00e9 prazo de validade, como \u00e9 definido e por que \u00e9 essencial para garantir seguran\u00e7a e qualidade dos produtos.","breadcrumb":{"@id":"https:\/\/webmaissistemas.com.br\/blog\/prazo-de-validade\/#breadcrumb"},"inLanguage":"pt-BR","potentialAction":[{"@type":"ReadAction","target":["https:\/\/webmaissistemas.com.br\/blog\/prazo-de-validade\/"]}]},{"@type":"ImageObject","inLanguage":"pt-BR","@id":"https:\/\/webmaissistemas.com.br\/blog\/prazo-de-validade\/#primaryimage","url":"https:\/\/webmaissistemas.com.br\/blog\/app\/uploads\/2022\/06\/Prazo-de-Validade-saiba-como-funciona-na-pratica.webp","contentUrl":"https:\/\/webmaissistemas.com.br\/blog\/app\/uploads\/2022\/06\/Prazo-de-Validade-saiba-como-funciona-na-pratica.webp","width":728,"height":351,"caption":"Prazo de Validade - saiba como funciona na pr\u00e1tica"},{"@type":"BreadcrumbList","@id":"https:\/\/webmaissistemas.com.br\/blog\/prazo-de-validade\/#breadcrumb","itemListElement":[{"@type":"ListItem","position":1,"name":"In\u00edcio","item":"https:\/\/webmaissistemas.com.br\/blog\/"},{"@type":"ListItem","position":2,"name":"Estoque e compras","item":"https:\/\/webmaissistemas.com.br\/blog\/estoque-compras\/"},{"@type":"ListItem","position":3,"name":"Prazo de Validade: saiba como funciona na pr\u00e1tica"}]},{"@type":"WebSite","@id":"https:\/\/webmaissistemas.com.br\/blog\/#website","url":"https:\/\/webmaissistemas.com.br\/blog\/","name":"Blog WebMais - Tudo sobre Gest\u00e3o Industrial e ERP","description":"Aqui no blog da WebMais voc\u00ea fica por dentro de tudo o que \u00e9 novidade sobre o mundo da gest\u00e3o de ind\u00fastrias e distribuidoras.","publisher":{"@id":"https:\/\/webmaissistemas.com.br\/blog\/#organization"},"potentialAction":[{"@type":"SearchAction","target":{"@type":"EntryPoint","urlTemplate":"https:\/\/webmaissistemas.com.br\/blog\/?s={search_term_string}"},"query-input":{"@type":"PropertyValueSpecification","valueRequired":true,"valueName":"search_term_string"}}],"inLanguage":"pt-BR"},{"@type":"Organization","@id":"https:\/\/webmaissistemas.com.br\/blog\/#organization","name":"WebMais Sistemas","url":"https:\/\/webmaissistemas.com.br\/blog\/","logo":{"@type":"ImageObject","inLanguage":"pt-BR","@id":"https:\/\/webmaissistemas.com.br\/blog\/#\/schema\/logo\/image\/","url":"https:\/\/webmaissistemas.com.br\/blog\/app\/uploads\/2021\/04\/logo-blog.jpg","contentUrl":"https:\/\/webmaissistemas.com.br\/blog\/app\/uploads\/2021\/04\/logo-blog.jpg","width":800,"height":118,"caption":"WebMais Sistemas"},"image":{"@id":"https:\/\/webmaissistemas.com.br\/blog\/#\/schema\/logo\/image\/"},"sameAs":["https:\/\/www.facebook.com\/webmaissistemas\/","https:\/\/www.instagram.com\/webmais_sistemas","https:\/\/br.linkedin.com\/company\/webmais-sistemas","https:\/\/www.youtube.com\/channel\/UCfTCVlfTTPXpVoXJDRJ3pRQ"]},{"@type":"Person","@id":"https:\/\/webmaissistemas.com.br\/blog\/#\/schema\/person\/2035a40b697979c683a5139310f7abb3","name":"Sanon Matias","image":{"@type":"ImageObject","inLanguage":"pt-BR","@id":"https:\/\/webmaissistemas.com.br\/blog\/#\/schema\/person\/image\/","url":"https:\/\/secure.gravatar.com\/avatar\/0080f22f5cfa42b324d52cb806afc8a951fc807c46e23d8daa6528befd097208?s=96&d=mm&r=g","contentUrl":"https:\/\/secure.gravatar.com\/avatar\/0080f22f5cfa42b324d52cb806afc8a951fc807c46e23d8daa6528befd097208?s=96&d=mm&r=g","caption":"Sanon Matias"},"description":"Fundador da WebMais Sistemas, Sanon Matias Fortunato possui mais de 25 anos de experi\u00eancia em diversas vertentes das tecnologias e gest\u00e3o empresarial, com \u00eanfase em Ind\u00fastria e Distribui\u00e7\u00e3o. Profundo conhecedor da \u00e1rea comercial, Funil de vendas, CRM, Indicadores, M\u00eddias Pagas, SEO, Inbound Marketing, Adwords, FacebookAds, Rede Sociais, Sucesso de Cliente e Canais de Parcerias.","sameAs":["https:\/\/webmaissistemas.com.br\/","https:\/\/pt-br.facebook.com\/webmaissistemas\/","https:\/\/www.instagram.com\/sanonmatias\/?hl=en","https:\/\/www.linkedin.com\/in\/sanonmatias\/","https:\/\/www.youtube.com\/channel\/UCfTCVlfTTPXpVoXJDRJ3pRQ"],"url":"https:\/\/webmaissistemas.com.br\/blog\/author\/sanon\/"}]}},"_links":{"self":[{"href":"https:\/\/webmaissistemas.com.br\/blog\/wp-json\/wp\/v2\/posts\/8801","targetHints":{"allow":["GET"]}}],"collection":[{"href":"https:\/\/webmaissistemas.com.br\/blog\/wp-json\/wp\/v2\/posts"}],"about":[{"href":"https:\/\/webmaissistemas.com.br\/blog\/wp-json\/wp\/v2\/types\/post"}],"author":[{"embeddable":true,"href":"https:\/\/webmaissistemas.com.br\/blog\/wp-json\/wp\/v2\/users\/8"}],"replies":[{"embeddable":true,"href":"https:\/\/webmaissistemas.com.br\/blog\/wp-json\/wp\/v2\/comments?post=8801"}],"version-history":[{"count":8,"href":"https:\/\/webmaissistemas.com.br\/blog\/wp-json\/wp\/v2\/posts\/8801\/revisions"}],"predecessor-version":[{"id":23413,"href":"https:\/\/webmaissistemas.com.br\/blog\/wp-json\/wp\/v2\/posts\/8801\/revisions\/23413"}],"wp:featuredmedia":[{"embeddable":true,"href":"https:\/\/webmaissistemas.com.br\/blog\/wp-json\/wp\/v2\/media\/23412"}],"wp:attachment":[{"href":"https:\/\/webmaissistemas.com.br\/blog\/wp-json\/wp\/v2\/media?parent=8801"}],"wp:term":[{"taxonomy":"category","embeddable":true,"href":"https:\/\/webmaissistemas.com.br\/blog\/wp-json\/wp\/v2\/categories?post=8801"},{"taxonomy":"post_tag","embeddable":true,"href":"https:\/\/webmaissistemas.com.br\/blog\/wp-json\/wp\/v2\/tags?post=8801"}],"curies":[{"name":"wp","href":"https:\/\/api.w.org\/{rel}","templated":true}]}}